{"id":565,"date":"2020-09-16T16:15:52","date_gmt":"2020-09-16T16:15:52","guid":{"rendered":"https:\/\/tvc16.com\/portal\/?p=565"},"modified":"2020-09-17T11:42:19","modified_gmt":"2020-09-17T11:42:19","slug":"partido-da-mobilizacao-nacional-ja-tem-candidatos-para-as-eleicoes-municipais-de-2020-em-petropolis","status":"publish","type":"post","link":"https:\/\/tvc16.com\/portal\/2020\/09\/16\/partido-da-mobilizacao-nacional-ja-tem-candidatos-para-as-eleicoes-municipais-de-2020-em-petropolis\/","title":{"rendered":"Partido Renovador Trabalhista Brasileiro j\u00e1 tem candidatos para as elei\u00e7\u00f5es municipais de 2020, em Petr\u00f3polis"},"content":{"rendered":"\n<p>No \u00faltimo s\u00e1bado (12) o Partido da Mobiliza\u00e7\u00e3o Nacional (PMN) realizou uma conven\u00e7\u00e3o para a consolida\u00e7\u00e3o das candidaturas dos seus pr\u00e9-candidatos \u00e0 C\u00e2mara Municipal. O partido, formado em Petr\u00f3polis com forte vi\u00e9s de direita, compor\u00e1 a coliga\u00e7\u00e3o com o PRTB &#8211; Partido Renovador Trabalhista Brasileiro, partido do vice-presidente General Mour\u00e3o. <\/p>\n\n\n\n<p>Logo ap\u00f3s o encerramento deste evento, deu-se in\u00edcio \u00e0 conven\u00e7\u00e3o do PRTB, que tamb\u00e9m definiu seus candidatos a vereador e apresentou a chapa concorrente \u00e0 majorit\u00e1ria, prefeito e vice-prefeito. Os nomes s\u00e3o: Coronel Vieira Neto e o pr\u00edncipe Dom Pedro foram escolhidos para disputarem as vagas de prefeito e vice-prefeito, respectivamente.&nbsp; Ambos estar\u00e3o representado a coliga\u00e7\u00e3o denominada PETR\u00d3POLIS: DIREITA, EM ORDEM E UNIDA!<\/p>\n","protected":false},"excerpt":{"rendered":"<p>No \u00faltimo s\u00e1bado (12) o Partido da Mobiliza\u00e7\u00e3o Nacional (PMN) realizou uma conven\u00e7\u00e3o para a<\/p>\n","protected":false},"author":2,"featured_media":566,"comment_status":"open","ping_status":"open","sticky":false,"template":"","format":"standard","meta":{"footnotes":""},"categories":[15],"tags":[],"class_list":["post-565","post","type-post","status-publish","format-standard","has-post-thumbnail","hentry","category-politica"],"_links":{"self":[{"href":"https:\/\/tvc16.com\/portal\/wp-json\/wp\/v2\/posts\/565","targetHints":{"allow":["GET"]}}],"collection":[{"href":"https:\/\/tvc16.com\/portal\/wp-json\/wp\/v2\/posts"}],"about":[{"href":"https:\/\/tvc16.com\/portal\/wp-json\/wp\/v2\/types\/post"}],"author":[{"embeddable":true,"href":"https:\/\/tvc16.com\/portal\/wp-json\/wp\/v2\/users\/2"}],"replies":[{"embeddable":true,"href":"https:\/\/tvc16.com\/portal\/wp-json\/wp\/v2\/comments?post=565"}],"version-history":[{"count":4,"href":"https:\/\/tvc16.com\/portal\/wp-json\/wp\/v2\/posts\/565\/revisions"}],"predecessor-version":[{"id":617,"href":"https:\/\/tvc16.com\/portal\/wp-json\/wp\/v2\/posts\/565\/revisions\/617"}],"wp:featuredmedia":[{"embeddable":true,"href":"https:\/\/tvc16.com\/portal\/wp-json\/wp\/v2\/media\/566"}],"wp:attachment":[{"href":"https:\/\/tvc16.com\/portal\/wp-json\/wp\/v2\/media?parent=565"}],"wp:term":[{"taxonomy":"category","embeddable":true,"href":"https:\/\/tvc16.com\/portal\/wp-json\/wp\/v2\/categories?post=565"},{"taxonomy":"post_tag","embeddable":true,"href":"https:\/\/tvc16.com\/portal\/wp-json\/wp\/v2\/tags?post=565"}],"curies":[{"name":"wp","href":"https:\/\/api.w.org\/{rel}","templated":true}]}}