{"id":5655,"date":"2020-11-14T12:58:16","date_gmt":"2020-11-14T15:58:16","guid":{"rendered":"https:\/\/tvc16.com\/portal\/?p=5655"},"modified":"2020-11-14T12:58:18","modified_gmt":"2020-11-14T15:58:18","slug":"servico-de-trens-no-rio-tem-esquema-especial-neste-domingo","status":"publish","type":"post","link":"https:\/\/tvc16.com\/portal\/2020\/11\/14\/servico-de-trens-no-rio-tem-esquema-especial-neste-domingo\/","title":{"rendered":"Servi\u00e7o de trens no Rio tem esquema especial neste domingo"},"content":{"rendered":"\n<h3 class=\"wp-block-heading\">SuperVia sugere que passageiros se programem antes de viajar<\/h3>\n\n\n\n<h4 class=\"wp-block-heading\">Por Cristina \u00cdndio do Brasil &#8211; Rep\u00f3rter da Ag\u00eancia Brasil &#8211; Rio de Janeiro<\/h4>\n\n\n\n<p>A SuperVia, concession\u00e1ria respons\u00e1vel pelo servi\u00e7o de trens no Rio&nbsp;de Janeiro, montou esquema especial para um poss\u00edvel aumento do fluxo de passageiros&nbsp;amanh\u00e3 (15), dia das elei\u00e7\u00f5es municipais. A empresa refor\u00e7ou a grade.<img decoding=\"async\" src=\"https:\/\/agenciabrasil.ebc.com.br\/ebc.png?id=1393207&amp;o=node\"><img decoding=\"async\" src=\"https:\/\/agenciabrasil.ebc.com.br\/ebc.gif?id=1393207&amp;o=node\"><\/p>\n\n\n\n<p>Quem for usar os trens do ramal Japeri vai contar com uma viagem extra, por volta das&nbsp;13h30, no sentido Central do Brasil\u2013Japeri. No ramal Santa Cruz, haver\u00e1 viagem extra por volta das&nbsp;10h no sentido Santa Cruz\u2013Central do Brasil. No sentido oposto ser\u00e1 por volta das 11h50.<\/p>\n\n\n\n<p>A SuperVia sugeriu que os passageiros se programem antes de viajar, consultando a se\u00e7\u00e3o&nbsp;Planeje Sua Viagem, que est\u00e1 dispon\u00edvel no aplicativo e no&nbsp;<a href=\"https:\/\/www.supervia.com.br\/\" target=\"_blank\" rel=\"noreferrer noopener\"><em>site&nbsp;<\/em>da concession\u00e1ria<\/a>,&nbsp;ou o SuperVia Fone, no n\u00famero&nbsp;0800.726.9494.<\/p>\n\n\n\n<h2 class=\"wp-block-heading\">Metr\u00f4<\/h2>\n\n\n\n<p>O funcionamento do metr\u00f4 para o primeiro turno das elei\u00e7\u00f5es municipais, neste domingo, vai ter trens extras e refor\u00e7o no efetivo das equipes para atender aos eleitores. A concession\u00e1ria Metr\u00f4Rio informou que as esta\u00e7\u00f5es das linhas 1, 2 e 4 v\u00e3o abrir \u00e0s 7h e a opera\u00e7\u00e3o termina \u00e0s 23h.&nbsp;Hoje, v\u00e9spera do pleito, o funcionamento ser\u00e1 das 5h a&nbsp;0h. Esse \u00e9 o hor\u00e1rio normal dos fins de semana. Nos dois dias, a Linha 2&nbsp;ter\u00e1 opera\u00e7\u00e3o da Esta\u00e7\u00e3o Pavuna at\u00e9 a do Est\u00e1cio, na zona norte da cidade, com transfer\u00eancia entre as linhas 1 e 2 na Esta\u00e7\u00e3o Est\u00e1cio.<\/p>\n\n\n\n<p>As linhas de \u00f4nibus do Metr\u00f4 na Superf\u00edcie, que operam entre a Esta\u00e7\u00e3o Antero de Quental, no Leblon, e o bairro da G\u00e1vea, na zona sul, e, ainda entre a Esta\u00e7\u00e3o Botafogo e a G\u00e1vea tamb\u00e9m v\u00e3o operar nos hor\u00e1rios regulares de fim de semana. O funcionamento&nbsp;hoje&nbsp;\u00e9 das 5h \u00e0s 23h30, e amanh\u00e3 das 7h \u00e0s 22h30.<\/p>\n\n\n\n<h2 class=\"wp-block-heading\">Pagamentos<\/h2>\n\n\n\n<p>Para facilitar a movimenta\u00e7\u00e3o dos usu\u00e1rios, a concession\u00e1ria recomendou o uso dos meios digitais para efetuar o pagamento da passagem diretamente nas catracas do metr\u00f4 e nas linhas de \u00f4nibus do Metr\u00f4 na Superf\u00edcie ou recarregando&nbsp;<em>online<\/em>. Com isso, n\u00e3o h\u00e1 necessidade de filas ou manuseio de dinheiro. A recarga do Giro, cart\u00e3o de passagem do Metr\u00f4Rio, pode&nbsp;ser feita&nbsp;no&nbsp;<em>site<\/em>&nbsp;<a href=\"https:\/\/giro.metrorio.com.br\/login\" target=\"_blank\" rel=\"noreferrer noopener\">giro.metrorio.com.br\/<\/a>&nbsp;ou no aplicativo Giro Metr\u00f4Rio.<\/p>\n\n\n\n<p>Os usu\u00e1rios que t\u00eam dispositivos por aproxima\u00e7\u00e3o, como celulares, rel\u00f3gios e cart\u00f5es de cr\u00e9dito e d\u00e9bito, Visa ou Mastercard, com tecnologia NFC, podem pagar a passagem diretamente nas catracas. Os clientes tamb\u00e9m podem usar seus cart\u00f5es Visa e Elo em carteiras digitais como Apple Pay, Google Pay e Samsung Pay, al\u00e9m do Pic Pay, para pagamento da tarifa por aproxima\u00e7\u00e3o.<\/p>\n\n\n\n<h2 class=\"wp-block-heading\">Barcas<\/h2>\n\n\n\n<p>O servi\u00e7o de barcas vai operar com esquema normal de fim de semana. No sentido Niter\u00f3i-Rio, o primeiro hor\u00e1rio \u00e9 \u00e0s 5h30 e o \u00faltimo \u00e0s 20h30. Entre Rio e Niter\u00f3i, o funcionamento come\u00e7a \u00e0s 6h e vai at\u00e9 as 21h. A tarifa na Linha Arariboia \u00e9 de R$ 6,50. A&nbsp;Linha Paquet\u00e1, com sa\u00edda do Rio, \u00e9 a partir das 4h e segue at\u00e9 22h. No sentido contr\u00e1rio, \u00e9 das 5h30 \u00e0s 23h30. A Linha Cocot\u00e1, na Ilha do Governador, n\u00e3o funciona nos fins de semana e nem nos feriados.<\/p>\n\n\n\n<h2 class=\"wp-block-heading\">Comlurb<\/h2>\n\n\n\n<p>Para este&nbsp;s\u00e1bado, a Companhia Municipal de Limpeza Urbana do Rio (Comlurb) assinou um termo de coopera\u00e7\u00e3o com o Tribunal Regional Eleitoral (TRE) e vai disponibilizar 1.016 garis e mais 70 encarregados e supervisores da empresa&nbsp;para ajudar no transporte e coloca\u00e7\u00e3o das urnas eletr\u00f4nicas nas zonas eleitorais da capital. As equipes tamb\u00e9m participar\u00e3o do recolhimento das urnas eletr\u00f4nicas depois de encerrada a vota\u00e7\u00e3o.<\/p>\n\n\n\n<p>A companhia tamb\u00e9m montou um grande esquema de limpeza ap\u00f3s o encerramento da vota\u00e7\u00e3o. A partir das 17h, as imedia\u00e7\u00f5es de todas as se\u00e7\u00f5es eleitorais do munic\u00edpio&nbsp;ter\u00e3o o trabalho de 1.940 garis, com o apoio de 277 ve\u00edculos, entre viaturas para varri\u00e7\u00e3o mecanizada, lavagem hidr\u00e1ulica e caminh\u00f5es de coleta e destina\u00e7\u00e3o dos res\u00edduos. \u201cOs servi\u00e7os incluem varri\u00e7\u00e3o e remo\u00e7\u00e3o de todo o material de propaganda eleitoral, lavagem e remo\u00e7\u00e3o\u201d, informou a Comlurb, acrescentando&nbsp;que a rotina no munic\u00edpio ser\u00e1 mantida&nbsp;normalmente.<\/p>\n\n\n\n<p>Edi\u00e7\u00e3o: Gra\u00e7a Adjuto<\/p>\n","protected":false},"excerpt":{"rendered":"<p>SuperVia sugere que passageiros se programem antes de viajar Por Cristina \u00cdndio do Brasil &#8211;<\/p>\n","protected":false},"author":2,"featured_media":5656,"comment_status":"open","ping_status":"open","sticky":false,"template":"","format":"standard","meta":{"footnotes":""},"categories":[17],"tags":[],"class_list":["post-5655","post","type-post","status-publish","format-standard","has-post-thumbnail","hentry","category-outras-noticias"],"_links":{"self":[{"href":"https:\/\/tvc16.com\/portal\/wp-json\/wp\/v2\/posts\/5655","targetHints":{"allow":["GET"]}}],"collection":[{"href":"https:\/\/tvc16.com\/portal\/wp-json\/wp\/v2\/posts"}],"about":[{"href":"https:\/\/tvc16.com\/portal\/wp-json\/wp\/v2\/types\/post"}],"author":[{"embeddable":true,"href":"https:\/\/tvc16.com\/portal\/wp-json\/wp\/v2\/users\/2"}],"replies":[{"embeddable":true,"href":"https:\/\/tvc16.com\/portal\/wp-json\/wp\/v2\/comments?post=5655"}],"version-history":[{"count":1,"href":"https:\/\/tvc16.com\/portal\/wp-json\/wp\/v2\/posts\/5655\/revisions"}],"predecessor-version":[{"id":5657,"href":"https:\/\/tvc16.com\/portal\/wp-json\/wp\/v2\/posts\/5655\/revisions\/5657"}],"wp:featuredmedia":[{"embeddable":true,"href":"https:\/\/tvc16.com\/portal\/wp-json\/wp\/v2\/media\/5656"}],"wp:attachment":[{"href":"https:\/\/tvc16.com\/portal\/wp-json\/wp\/v2\/media?parent=5655"}],"wp:term":[{"taxonomy":"category","embeddable":true,"href":"https:\/\/tvc16.com\/portal\/wp-json\/wp\/v2\/categories?post=5655"},{"taxonomy":"post_tag","embeddable":true,"href":"https:\/\/tvc16.com\/portal\/wp-json\/wp\/v2\/tags?post=5655"}],"curies":[{"name":"wp","href":"https:\/\/api.w.org\/{rel}","templated":true}]}}