{"id":5665,"date":"2020-11-14T19:11:44","date_gmt":"2020-11-14T22:11:44","guid":{"rendered":"https:\/\/tvc16.com\/portal\/?p=5665"},"modified":"2020-11-14T19:11:46","modified_gmt":"2020-11-14T22:11:46","slug":"eleicoes-2020-saiba-o-que-pode-e-o-que-nao-pode-no-dia-da-votacao","status":"publish","type":"post","link":"https:\/\/tvc16.com\/portal\/2020\/11\/14\/eleicoes-2020-saiba-o-que-pode-e-o-que-nao-pode-no-dia-da-votacao\/","title":{"rendered":"Elei\u00e7\u00f5es 2020: saiba o que pode e o que n\u00e3o pode no dia da vota\u00e7\u00e3o"},"content":{"rendered":"\n<h3 class=\"wp-block-heading\">\u00c9 permitido levar \u00e0 cabine uma &#8220;cola&#8221; com o n\u00famero dos candidatos<\/h3>\n\n\n\n<p>Neste domingo (15), 147,9 milh\u00f5es de eleitores de todo o pa\u00eds, com exce\u00e7\u00e3o do Distrito Federal, v\u00e3o \u00e0s urnas no primeiro turno da elei\u00e7\u00e3o em que ser\u00e3o escolhidos os novos prefeitos, vice-prefeitos e vereadores de seus munic\u00edpios. O segundo turno ocorre em munic\u00edpios com mais de 200 mil eleitores quando nenhum dos candidatos a prefeito obt\u00e9m, no primeiro turno, mais da metade dos votos v\u00e1lidos.<img decoding=\"async\" src=\"https:\/\/agenciabrasil.ebc.com.br\/ebc.png?id=1393067&amp;o=node\"><img decoding=\"async\" src=\"https:\/\/agenciabrasil.ebc.com.br\/ebc.gif?id=1393067&amp;o=node\"><\/p>\n\n\n\n<p>Mas voc\u00ea sabe o que pode e o que n\u00e3o pode no dia das elei\u00e7\u00f5es?<\/p>\n\n\n\n<p>A Resolu\u00e7\u00e3o no&nbsp;23.610\/2019 do Tribunal Superior Eleitoral (TSE) e a&nbsp;Lei n\u00ba 9.504\/1997 esclarecem as regras.<\/p>\n\n\n\n<p>Algumas condutas s\u00e3o, inclusive, consideradas crime eleitoral. S\u00e3o vedadas, por exemplo, todas as formas de propaganda no dia da vota\u00e7\u00e3o.<\/p>\n\n\n\n<h2 class=\"wp-block-heading\">O que pode<\/h2>\n\n\n\n<p>No dia da vota\u00e7\u00e3o, \u00e9 permitido o uso de bandeiras, broches, adesivos e camisetas com foto e n\u00famero de candidato, desde que como manifesta\u00e7\u00e3o individual e silenciosa da prefer\u00eancia.&nbsp;<\/p>\n\n\n\n<p>O eleitor pode levar para a cabine de vota\u00e7\u00e3o uma \u201ccola\u201d (lembrete) com os n\u00fameros dos candidatos escolhidos. A legisla\u00e7\u00e3o tamb\u00e9m permite a manuten\u00e7\u00e3o da propaganda que tenha sido divulgada na internet antes do dia da elei\u00e7\u00e3o.<br><br>Ainda no dia da vota\u00e7\u00e3o \u00e9 permitido que, nos crach\u00e1s dos fiscais partid\u00e1rios, constem o nome e a sigla do partido pol\u00edtico ou da coliga\u00e7\u00e3o a que sirvam,&nbsp;mas \u00e9 proibida&nbsp;a padroniza\u00e7\u00e3o do vestu\u00e1rio.<\/p>\n\n\n\n<h2 class=\"wp-block-heading\">O que n\u00e3o pode<\/h2>\n\n\n\n<p>Pela legisla\u00e7\u00e3o eleitoral, no dia da vota\u00e7\u00e3o, \u00e9 proibido divulgar qualquer esp\u00e9cie de propaganda de partidos pol\u00edticos ou de candidatos.<\/p>\n\n\n\n<p>Tamb\u00e9m n\u00e3o s\u00e3o permitidas, at\u00e9 o t\u00e9rmino do hor\u00e1rio de vota\u00e7\u00e3o, aglomera\u00e7\u00f5es de pessoas portando vestu\u00e1rio padronizado ou instrumentos de propaganda; caracteriza\u00e7\u00e3o de manifesta\u00e7\u00e3o coletiva e\/ou ruidosa; al\u00e9m de abordagem, aliciamento, utiliza\u00e7\u00e3o de m\u00e9todos de persuas\u00e3o ou convencimento; e distribui\u00e7\u00e3o de camisetas. Tais manifesta\u00e7\u00f5es s\u00e3o proibidas com ou sem uso de ve\u00edculos:<br><br>Constam ainda da lista de proibi\u00e7\u00f5es no dia da vota\u00e7\u00e3o o uso de alto-falantes, amplificadores de som; a realiza\u00e7\u00e3o de com\u00edcios, carreatas e o uso de qualquer ve\u00edculo com&nbsp;<em>jingles<\/em>; a arregimenta\u00e7\u00e3o de eleitores ou a propaganda de boca de urna; o derrame de santinhos e outros impressos nas se\u00e7\u00f5es eleitorais ou nas vias pr\u00f3ximas, ainda que realizado na v\u00e9spera da elei\u00e7\u00e3o; e a publica\u00e7\u00e3o de novos conte\u00fados ou o impulsionamento de conte\u00fado na internet, podendo ser mantidos em funcionamento as aplica\u00e7\u00f5es e os conte\u00fados publicados anteriormente.<\/p>\n\n\n\n<h2 class=\"wp-block-heading\">Mes\u00e1rios<\/h2>\n\n\n\n<p>Aos servidores da Justi\u00e7a Eleitoral, aos mes\u00e1rios e aos escrutinadores, \u00e9 vedado o uso de vestu\u00e1rio ou objeto que contenha qualquer propaganda de partido pol\u00edtico, de coliga\u00e7\u00e3o ou de candidato, no recinto das se\u00e7\u00f5es eleitorais e juntas apuradoras.<\/p>\n\n\n\n<h2 class=\"wp-block-heading\">Den\u00fancias<\/h2>\n\n\n\n<p>Den\u00fancias de irregularidades e crimes eleitorais podem ser feitas pelo aplicativo&nbsp;Pardal, criado pela Justi\u00e7a Eleitoral, ou encaminhadas diretamente ao&nbsp;Minist\u00e9rio P\u00fablico.&nbsp;<\/p>\n\n\n\n<p>Segundo a Justi\u00e7a Eleitoral, no dia do pleito, os ju\u00edzes eleitorais e os presidentes de se\u00e7\u00e3o exercem poder de pol\u00edcia, podendo tomar as provid\u00eancias necess\u00e1rias para cessar qualquer irregularidade e inibir pr\u00e1ticas ilegais dos candidatos e dos eleitores.<\/p>\n\n\n\n<p>Por Karine Melo \u2013 Rep\u00f3rter da Ag\u00eancia Brasil &#8211; Bras\u00edlia<\/p>\n\n\n\n<p>Edi\u00e7\u00e3o: N\u00e1dia Franco<\/p>\n","protected":false},"excerpt":{"rendered":"<p>\u00c9 permitido levar \u00e0 cabine uma &#8220;cola&#8221; com o n\u00famero dos candidatos Neste domingo (15),<\/p>\n","protected":false},"author":2,"featured_media":5666,"comment_status":"open","ping_status":"open","sticky":false,"template":"","format":"standard","meta":{"footnotes":""},"categories":[14],"tags":[],"class_list":["post-5665","post","type-post","status-publish","format-standard","has-post-thumbnail","hentry","category-pais"],"_links":{"self":[{"href":"https:\/\/tvc16.com\/portal\/wp-json\/wp\/v2\/posts\/5665","targetHints":{"allow":["GET"]}}],"collection":[{"href":"https:\/\/tvc16.com\/portal\/wp-json\/wp\/v2\/posts"}],"about":[{"href":"https:\/\/tvc16.com\/portal\/wp-json\/wp\/v2\/types\/post"}],"author":[{"embeddable":true,"href":"https:\/\/tvc16.com\/portal\/wp-json\/wp\/v2\/users\/2"}],"replies":[{"embeddable":true,"href":"https:\/\/tvc16.com\/portal\/wp-json\/wp\/v2\/comments?post=5665"}],"version-history":[{"count":1,"href":"https:\/\/tvc16.com\/portal\/wp-json\/wp\/v2\/posts\/5665\/revisions"}],"predecessor-version":[{"id":5667,"href":"https:\/\/tvc16.com\/portal\/wp-json\/wp\/v2\/posts\/5665\/revisions\/5667"}],"wp:featuredmedia":[{"embeddable":true,"href":"https:\/\/tvc16.com\/portal\/wp-json\/wp\/v2\/media\/5666"}],"wp:attachment":[{"href":"https:\/\/tvc16.com\/portal\/wp-json\/wp\/v2\/media?parent=5665"}],"wp:term":[{"taxonomy":"category","embeddable":true,"href":"https:\/\/tvc16.com\/portal\/wp-json\/wp\/v2\/categories?post=5665"},{"taxonomy":"post_tag","embeddable":true,"href":"https:\/\/tvc16.com\/portal\/wp-json\/wp\/v2\/tags?post=5665"}],"curies":[{"name":"wp","href":"https:\/\/api.w.org\/{rel}","templated":true}]}}