{"id":5678,"date":"2020-11-15T12:00:59","date_gmt":"2020-11-15T15:00:59","guid":{"rendered":"https:\/\/tvc16.com\/portal\/?p=5678"},"modified":"2020-11-15T12:01:01","modified_gmt":"2020-11-15T15:01:01","slug":"brasil-vai-as-urnas-para-eleger-prefeitos-e-vereadores","status":"publish","type":"post","link":"https:\/\/tvc16.com\/portal\/2020\/11\/15\/brasil-vai-as-urnas-para-eleger-prefeitos-e-vereadores\/","title":{"rendered":"Brasil vai \u00e0s urnas para eleger prefeitos e vereadores"},"content":{"rendered":"\n<h2 class=\"wp-block-heading\">Mais de 147 milh\u00f5es de pessoas escolhem novos gestores municipais<\/h2>\n\n\n\n<h4 class=\"wp-block-heading\">Por Andr\u00e9 Richter &#8211; Rep\u00f3rter da Ag\u00eancia Brasil &#8211; Bras\u00edlia<\/h4>\n\n\n\n<p>Eleitores de todo o pa\u00eds v\u00e3o \u00e0s urnas hoje (15) no primeiro turno das elei\u00e7\u00f5es municipais. Mais de 147 milh\u00f5es de pessoas est\u00e3o aptas para eleger prefeitos, vice-prefeitos e vereadores. Entre as capitais, apenas em Macap\u00e1 e em Bras\u00edlia n\u00e3o h\u00e1 elei\u00e7\u00e3o neste domingo. A capital amapaense, por causa de problemas com fornecimento de energia el\u00e9trica, e a capital federal, porque n\u00e3o tem prefeito, nem vereadores.<img decoding=\"async\" src=\"https:\/\/agenciabrasil.ebc.com.br\/ebc.png?id=1393186&amp;o=node\"><img decoding=\"async\" src=\"https:\/\/agenciabrasil.ebc.com.br\/ebc.gif?id=1393186&amp;o=node\"><\/p>\n\n\n\n<p>No pleito deste ano, 19 mil pessoas s\u00e3o candidatas ao cargo de prefeito e de vice-prefeito em todo o pa\u00eds. Concorrem ao cargo de vereador 518,3 mil candidatos.<\/p>\n\n\n\n<p>Devido \u00e0 pandemia da covid-19, um protocolo sanit\u00e1rio foi elaborado pelo Tribunal Superior Eleitoral (TSE) com medidas preventivas para eleitores e mes\u00e1rios.<\/p>\n\n\n\n<p>A primeira recomenda\u00e7\u00e3o \u00e9 para que os eleitores que estiverem com sintomas da covid-19 n\u00e3o compare\u00e7am aos locais de vota\u00e7\u00e3o. A justificativa de falta n\u00e3o ser\u00e1 feita presencialmente para evitar aglomera\u00e7\u00f5es. Pelo aplicativo e-T\u00edtulo, que pode ser usado em qualquer smartphone, ser\u00e1 poss\u00edvel fazer a justificativa sem sair de casa.&nbsp;<\/p>\n\n\n\n<h2 class=\"wp-block-heading\">Hor\u00e1rio<\/h2>\n\n\n\n<p>O tempo de vota\u00e7\u00e3o foi ampliado em uma hora neste ano para evitar filas e aglomera\u00e7\u00f5es.<\/p>\n\n\n\n<p>As se\u00e7\u00f5es ficar\u00e3o abertas das 7h \u00e0s 17h. Preferencialmente, das&nbsp;7h \u00e0s 10h, dever\u00e3o votar os eleitores idosos, com mais de 60 anos, ou que perten\u00e7am ao grupo de risco para o novo coronav\u00edrus.<br><br>No entanto, n\u00e3o haver\u00e1 exclusividade. Quem comparecer \u00e0s se\u00e7\u00f5es neste hor\u00e1rio tamb\u00e9m poder\u00e1 votar.<\/p>\n\n\n\n<figure class=\"wp-block-image\"><img decoding=\"async\" src=\"https:\/\/imagens.ebc.com.br\/GnJ7r-tFAF3VlElQ6TeBLWmSRn4=\/754x0\/smart\/https:\/\/agenciabrasil.ebc.com.br\/sites\/default\/files\/thumbnails\/image\/50429036346_a9271a4327_o.jpg?itok=Sp3Fgy2j\" alt=\"\nTSE - Tribunal Superior Eleitoral\nUrna eletr\u00f4nica\" title=\"Antonio Augusto\/Ascom\/TSE\"\/><\/figure>\n\n\n\n<h6 class=\"wp-block-heading\">Os eleitores s\u00f3 poder\u00e3o entrar nos locais de vota\u00e7\u00e3o se estiverem usando m\u00e1scaras faciais &#8211;&nbsp;<strong>Antonio Augusto\/Ascom\/TSE<\/strong><\/h6>\n\n\n\n<h2 class=\"wp-block-heading\">M\u00e1scara obrigat\u00f3ria<\/h2>\n\n\n\n<p>Os eleitores s\u00f3 poder\u00e3o entrar nos locais de vota\u00e7\u00e3o se estiverem usando m\u00e1scaras faciais. O eleitor deve usar a m\u00e1scara em todo o percurso que fizer at\u00e9 chegar \u00e0 se\u00e7\u00e3o eleitoral. N\u00e3o ser\u00e1 permitido que ele se alimente, beba ou realize qualquer ato que exija a retirada da m\u00e1scara.&nbsp;<\/p>\n\n\n\n<p>As m\u00e3os t\u00eam que ser higienizadas com \u00e1lcool em gel antes e depois de votar. O produto ser\u00e1 disponibilizado nos locais de vota\u00e7\u00e3o.<\/p>\n\n\n\n<p>O TSE&nbsp;recomenda ainda que o eleitor leve sua pr\u00f3pria caneta para assinar o caderno de vota\u00e7\u00e3o.&nbsp;O processo de identifica\u00e7\u00e3o por biometria n\u00e3o ser\u00e1 usado nas elei\u00e7\u00f5es deste ano para evitar contamina\u00e7\u00e3o.&nbsp;<\/p>\n\n\n\n<p>Os eleitores ter\u00e3o que respeitar a dist\u00e2ncia de 1 metro entre eles e as demais pessoas que estiverem no local. Marca\u00e7\u00f5es feitas com adesivos no ch\u00e3o v\u00e3o indicar o distanciamento correto.<\/p>\n\n\n\n<h2 class=\"wp-block-heading\">Passo a passo<\/h2>\n\n\n\n<p>O TSE elaborou um passo a passo sobre a movimenta\u00e7\u00e3o que deve ser feita pelo eleitor dentro da se\u00e7\u00e3o de vota\u00e7\u00e3o. O fluxo ser\u00e1 orientado pelos mes\u00e1rios.<\/p>\n\n\n\n<p>1 &#8211; O eleitor entrar\u00e1 na se\u00e7\u00e3o e dever\u00e1 se posicionar na frente do mes\u00e1rio, seguindo o distanciamento de 1 metro, conforme marca\u00e7\u00e3o no ch\u00e3o;<\/p>\n\n\n\n<p>2 &#8211; Sem contato com o mes\u00e1rio, o eleitor vai erguer o bra\u00e7o e mostrar seu documento oficial com foto;<\/p>\n\n\n\n<p>3 &#8211; O mes\u00e1rio vai ler o nome do eleitor em voz alta e pedir que ele confirme se a identifica\u00e7\u00e3o est\u00e1 correta;<\/p>\n\n\n\n<p>4 &#8211; O eleitor deve guardar seu documento;<\/p>\n\n\n\n<p>5 &#8211; O eleitor deve higienizar as m\u00e3os com o \u00e1lcool em gel disponibilizado no local de vota\u00e7\u00e3o;<\/p>\n\n\n\n<p>6 &#8211; Em seguida, deve assinar o caderno de vota\u00e7\u00e3o com sua pr\u00f3pria caneta.<\/p>\n\n\n\n<p>7 &#8211; Neste momento, o eleitor receber\u00e1 seu comprovante de vota\u00e7\u00e3o;<\/p>\n\n\n\n<p>8 &#8211; O eleitor ser\u00e1 autorizado pelo mes\u00e1rio para ir at\u00e9 a cabine de vota\u00e7\u00e3o;<\/p>\n\n\n\n<p>9 &#8211; O eleitor dever\u00e1 digitar o n\u00famero de seus candidatos na urna eletr\u00f4nica e apertar a tecla confirma ap\u00f3s cada voto para encerrar a vota\u00e7\u00e3o.<\/p>\n\n\n\n<p>10 &#8211; O eleitor dever\u00e1 higienizar as m\u00e3os novamente com \u00e1lcool em gel e se retirar da se\u00e7\u00e3o eleitoral.<\/p>\n\n\n\n<h2 class=\"wp-block-heading\">Pode e n\u00e3o pode<\/h2>\n\n\n\n<p>Durante o per\u00edodo da vota\u00e7\u00e3o, \u00e9 proibido entrar na cabine eleitoral com celulares, m\u00e1quinas fotogr\u00e1ficas, filmadoras ou aparelho de radiocomunica\u00e7\u00e3o. Fazer propaganda eleitoral para partidos e candidatos, como uso de alto-falantes e carreatas, tamb\u00e9m n\u00e3o \u00e9 permitido.<\/p>\n\n\n\n<p>O eleitor pode levar os n\u00fameros de seus candidatos anotados em uma \u201ccolinha\u201d e manifestar prefer\u00eancia por partido ou candidato de forma silenciosa, por meio do uso de camisetas, bandeiras, bon\u00e9s ou adesivos.<\/p>\n\n\n\n<figure class=\"wp-block-image\"><a href=\"https:\/\/agenciabrasil.ebc.com.br\/tags\/eleicoes-2020\"><img decoding=\"async\" src=\"https:\/\/conteudo.ebc.com.br\/agencia\/2020\/eleicao\/divulga\/banner_eleicoes2020_miolo.jpg\" alt=\"\"\/><\/a><\/figure>\n\n\n\n<p>Edi\u00e7\u00e3o: N\u00e1dia Franco<\/p>\n","protected":false},"excerpt":{"rendered":"<p>Mais de 147 milh\u00f5es de pessoas escolhem novos gestores municipais Por Andr\u00e9 Richter &#8211; Rep\u00f3rter<\/p>\n","protected":false},"author":2,"featured_media":5679,"comment_status":"open","ping_status":"open","sticky":false,"template":"","format":"standard","meta":{"footnotes":""},"categories":[15],"tags":[],"class_list":["post-5678","post","type-post","status-publish","format-standard","has-post-thumbnail","hentry","category-politica"],"_links":{"self":[{"href":"https:\/\/tvc16.com\/portal\/wp-json\/wp\/v2\/posts\/5678","targetHints":{"allow":["GET"]}}],"collection":[{"href":"https:\/\/tvc16.com\/portal\/wp-json\/wp\/v2\/posts"}],"about":[{"href":"https:\/\/tvc16.com\/portal\/wp-json\/wp\/v2\/types\/post"}],"author":[{"embeddable":true,"href":"https:\/\/tvc16.com\/portal\/wp-json\/wp\/v2\/users\/2"}],"replies":[{"embeddable":true,"href":"https:\/\/tvc16.com\/portal\/wp-json\/wp\/v2\/comments?post=5678"}],"version-history":[{"count":1,"href":"https:\/\/tvc16.com\/portal\/wp-json\/wp\/v2\/posts\/5678\/revisions"}],"predecessor-version":[{"id":5680,"href":"https:\/\/tvc16.com\/portal\/wp-json\/wp\/v2\/posts\/5678\/revisions\/5680"}],"wp:featuredmedia":[{"embeddable":true,"href":"https:\/\/tvc16.com\/portal\/wp-json\/wp\/v2\/media\/5679"}],"wp:attachment":[{"href":"https:\/\/tvc16.com\/portal\/wp-json\/wp\/v2\/media?parent=5678"}],"wp:term":[{"taxonomy":"category","embeddable":true,"href":"https:\/\/tvc16.com\/portal\/wp-json\/wp\/v2\/categories?post=5678"},{"taxonomy":"post_tag","embeddable":true,"href":"https:\/\/tvc16.com\/portal\/wp-json\/wp\/v2\/tags?post=5678"}],"curies":[{"name":"wp","href":"https:\/\/api.w.org\/{rel}","templated":true}]}}