{"id":568,"date":"2020-09-16T16:24:57","date_gmt":"2020-09-16T16:24:57","guid":{"rendered":"https:\/\/tvc16.com\/portal\/?p=568"},"modified":"2020-09-16T16:27:35","modified_gmt":"2020-09-16T16:27:35","slug":"eduardo-pazuello-toma-posse-como-ministro-da-saude-nesta-quarta-feira-16","status":"publish","type":"post","link":"https:\/\/tvc16.com\/portal\/2020\/09\/16\/eduardo-pazuello-toma-posse-como-ministro-da-saude-nesta-quarta-feira-16\/","title":{"rendered":"Eduardo Pazuello toma posse como ministro da Sa\u00fade nesta quarta-feira (16)"},"content":{"rendered":"\n<p><em>Cerim\u00f4nia de posse est\u00e1 marcada para as 17h, no Pal\u00e1cio do Planalto, em Bras\u00edlia<\/em><\/p>\n\n\n\n<p>O general Eduardo Pazuello assume oficialmente, nesta quarta-feira (16), o comando do Minist\u00e9rio da Sa\u00fade. A cerim\u00f4nia de posse est\u00e1 marcada para as 17h, no sal\u00e3o nobre do Pal\u00e1cio do Planalto. Ocupando interinamente o cargo desde 16 de maio, Pazuello ser\u00e1 o 48\u00ba ministro da Sa\u00fade do Brasil.<\/p>\n\n\n\n<p>Eduardo Pazuello \u00e9 natural do Rio de Janeiro, tem 56 anos e \u00e9 General de tr\u00eas estrelas. Carrega condecora\u00e7\u00f5es como Pacificador, Ordem do M\u00e9rito Militar Grande Oficial, M\u00e9rito Tamandar\u00e9 e Distintivo de Comando Dourado.<\/p>\n\n\n\n<p>O ministro se formou em 1984 na Academia Militar das Agulhas Negras (Aman), em Resende (RJ), como Oficial de Intend\u00eancia &#8211; \u00e1rea respons\u00e1vel por tarefas administrativas e de log\u00edstica. Tamb\u00e9m fez o curso de Comando e Estado Maior no Ex\u00e9rcito e o Curso de Pol\u00edtica e Estrat\u00e9gia Aeroespaciais na For\u00e7a A\u00e9rea Brasileira (FAB).<\/p>\n\n\n\n<p>No Rio de Janeiro, comandou o Batalh\u00e3o Log\u00edstico de Paraquedistas e foi diretor do Dep\u00f3sito Central de Muni\u00e7\u00e3o. Foi assessor de Planejamento, Programa\u00e7\u00e3o e Controle Or\u00e7ament\u00e1rio do Comando Log\u00edstico e comandante da Base de Apoio Log\u00edstico do Ex\u00e9rcito.<\/p>\n\n\n\n<p>General desde 2014, coordenou as tropas do Ex\u00e9rcito durante as Ol\u00edmpiadas de 2016, no Rio de Janeiro, e esteve \u00e0 frente da Base Log\u00edstica Multinternacional Integrada na tr\u00edplice fronteira. Em 2018, coordenou a For\u00e7a-Tarefa Log\u00edstica Humanit\u00e1ria (Opera\u00e7\u00e3o Acolhida), respons\u00e1vel por abrigar refugiados da Venezuela.<\/p>\n\n\n\n<p>Durante a interven\u00e7\u00e3o federal em Roraima, foi Secret\u00e1rio da Fazenda do Estado. Em seguida, foi nomeado comandante da 12\u00aa Regi\u00e3o Militar, em Manaus (AM). Em 22 de abril de 2020, assumiu como secret\u00e1rio-executivo do Minist\u00e9rio da Sa\u00fade, at\u00e9 ser nomeado, no m\u00eas seguinte, ministro interino da pasta.<\/p>\n\n\n\n<p><strong><em>Minist\u00e9rio da Sa\u00fade<\/em><\/strong><\/p>\n","protected":false},"excerpt":{"rendered":"<p>Cerim\u00f4nia de posse est\u00e1 marcada para as 17h, no Pal\u00e1cio do Planalto, em Bras\u00edlia O<\/p>\n","protected":false},"author":2,"featured_media":571,"comment_status":"open","ping_status":"open","sticky":false,"template":"","format":"standard","meta":{"footnotes":""},"categories":[13],"tags":[],"class_list":["post-568","post","type-post","status-publish","format-standard","has-post-thumbnail","hentry","category-saude"],"_links":{"self":[{"href":"https:\/\/tvc16.com\/portal\/wp-json\/wp\/v2\/posts\/568","targetHints":{"allow":["GET"]}}],"collection":[{"href":"https:\/\/tvc16.com\/portal\/wp-json\/wp\/v2\/posts"}],"about":[{"href":"https:\/\/tvc16.com\/portal\/wp-json\/wp\/v2\/types\/post"}],"author":[{"embeddable":true,"href":"https:\/\/tvc16.com\/portal\/wp-json\/wp\/v2\/users\/2"}],"replies":[{"embeddable":true,"href":"https:\/\/tvc16.com\/portal\/wp-json\/wp\/v2\/comments?post=568"}],"version-history":[{"count":1,"href":"https:\/\/tvc16.com\/portal\/wp-json\/wp\/v2\/posts\/568\/revisions"}],"predecessor-version":[{"id":570,"href":"https:\/\/tvc16.com\/portal\/wp-json\/wp\/v2\/posts\/568\/revisions\/570"}],"wp:featuredmedia":[{"embeddable":true,"href":"https:\/\/tvc16.com\/portal\/wp-json\/wp\/v2\/media\/571"}],"wp:attachment":[{"href":"https:\/\/tvc16.com\/portal\/wp-json\/wp\/v2\/media?parent=568"}],"wp:term":[{"taxonomy":"category","embeddable":true,"href":"https:\/\/tvc16.com\/portal\/wp-json\/wp\/v2\/categories?post=568"},{"taxonomy":"post_tag","embeddable":true,"href":"https:\/\/tvc16.com\/portal\/wp-json\/wp\/v2\/tags?post=568"}],"curies":[{"name":"wp","href":"https:\/\/api.w.org\/{rel}","templated":true}]}}