{"id":5684,"date":"2020-11-15T12:48:26","date_gmt":"2020-11-15T15:48:26","guid":{"rendered":"https:\/\/tvc16.com\/portal\/?p=5684"},"modified":"2020-11-15T12:48:28","modified_gmt":"2020-11-15T15:48:28","slug":"feira-livre-e-transferida-de-local-neste-domingo-15","status":"publish","type":"post","link":"https:\/\/tvc16.com\/portal\/2020\/11\/15\/feira-livre-e-transferida-de-local-neste-domingo-15\/","title":{"rendered":"Feira livre \u00e9 transferida de local neste domingo (15)"},"content":{"rendered":"\n<p>A feira livre do Alto da Serra foi transferida hoje (15) para a Rua Visconde de Souza Franco, no Centro em virtude das elei\u00e7\u00f5es municipais. A altera\u00e7\u00e3o atende a uma determina\u00e7\u00e3o do Tribunal Regional Eleitoral do Rio de Janeiro (TRE-RJ). De acordo com a Prefeitura, na solicita\u00e7\u00e3o, o TRE aponta que \u00e9 preciso garantir a locomo\u00e7\u00e3o dos cidad\u00e3os e prevenir problemas de reten\u00e7\u00e3o, j\u00e1 que o trecho da Rua Teresa onde a feira \u00e9 realizada fica fechado. A mudan\u00e7a \u00e9 v\u00e1lida apenas para este domingo, mas o hor\u00e1rio de funcionamento continuar\u00e1 o mesmo, de 6h \u00e0s 14h. De acordo com a Prefeitura, o Hortomercado de Itaipava e as demais feiras de domingo (S\u00e3o Sebasti\u00e3o, Itamarati, Corr\u00eaas, Nogueira e Duarte da Silveira) n\u00e3o sofrer\u00e3o altera\u00e7\u00f5es nem de local, nem de hor\u00e1rio de funcionamento.<\/p>\n","protected":false},"excerpt":{"rendered":"<p>A feira livre do Alto da Serra foi transferida hoje (15) para a Rua Visconde<\/p>\n","protected":false},"author":2,"featured_media":5685,"comment_status":"open","ping_status":"open","sticky":false,"template":"","format":"standard","meta":{"footnotes":""},"categories":[12],"tags":[],"class_list":["post-5684","post","type-post","status-publish","format-standard","has-post-thumbnail","hentry","category-cidade"],"_links":{"self":[{"href":"https:\/\/tvc16.com\/portal\/wp-json\/wp\/v2\/posts\/5684","targetHints":{"allow":["GET"]}}],"collection":[{"href":"https:\/\/tvc16.com\/portal\/wp-json\/wp\/v2\/posts"}],"about":[{"href":"https:\/\/tvc16.com\/portal\/wp-json\/wp\/v2\/types\/post"}],"author":[{"embeddable":true,"href":"https:\/\/tvc16.com\/portal\/wp-json\/wp\/v2\/users\/2"}],"replies":[{"embeddable":true,"href":"https:\/\/tvc16.com\/portal\/wp-json\/wp\/v2\/comments?post=5684"}],"version-history":[{"count":1,"href":"https:\/\/tvc16.com\/portal\/wp-json\/wp\/v2\/posts\/5684\/revisions"}],"predecessor-version":[{"id":5686,"href":"https:\/\/tvc16.com\/portal\/wp-json\/wp\/v2\/posts\/5684\/revisions\/5686"}],"wp:featuredmedia":[{"embeddable":true,"href":"https:\/\/tvc16.com\/portal\/wp-json\/wp\/v2\/media\/5685"}],"wp:attachment":[{"href":"https:\/\/tvc16.com\/portal\/wp-json\/wp\/v2\/media?parent=5684"}],"wp:term":[{"taxonomy":"category","embeddable":true,"href":"https:\/\/tvc16.com\/portal\/wp-json\/wp\/v2\/categories?post=5684"},{"taxonomy":"post_tag","embeddable":true,"href":"https:\/\/tvc16.com\/portal\/wp-json\/wp\/v2\/tags?post=5684"}],"curies":[{"name":"wp","href":"https:\/\/api.w.org\/{rel}","templated":true}]}}