{"id":5687,"date":"2020-11-15T12:49:57","date_gmt":"2020-11-15T15:49:57","guid":{"rendered":"https:\/\/tvc16.com\/portal\/?p=5687"},"modified":"2020-11-15T12:49:59","modified_gmt":"2020-11-15T15:49:59","slug":"transito-sofre-alteracoes-neste-domingo","status":"publish","type":"post","link":"https:\/\/tvc16.com\/portal\/2020\/11\/15\/transito-sofre-alteracoes-neste-domingo\/","title":{"rendered":"Tr\u00e2nsito sofre altera\u00e7\u00f5es neste domingo"},"content":{"rendered":"\n<p>As elei\u00e7\u00f5es municipais tamb\u00e9m causaram a interdi\u00e7\u00e3o de algumas vias da cidade. A Rua Bar\u00e3o de Teff\u00e9, no trecho que circunda a Pra\u00e7a Bosque do Imperador (Pra\u00e7a do Cenip), teve fechamento total de 5h e segue desta forma at\u00e9 \u00e0s 18h.<\/p>\n\n\n\n<p>A Avenida Ipiranga tem meia pista interditada em m\u00e3o \u00fanica sentido Cascatinha. Esta altera\u00e7\u00e3o ser\u00e1 da interse\u00e7\u00e3o da Rua Jos\u00e9 Bonif\u00e1cio at\u00e9 a Pra\u00e7a Tabeli\u00e3o Moret, de 5h \u00e0s 17h. J\u00e1 entre as 17h e 22h deste domingo, o trecho estar\u00e1 totalmente fechado, em ambas as pistas.<\/p>\n\n\n\n<p>Hoje (15), tem ainda interdi\u00e7\u00e3o total de parte da Rua Yeddo Fiuza, no Independ\u00eancia. A via ser\u00e1 totalmente fechada entre 6h e 18h no trecho que compreende a fachada do CIEP. Os \u00f4nibus circulam em hor\u00e1rios de s\u00e1bado neste domingo de elei\u00e7\u00f5es, 70% por cento da frota est\u00e1 nas ruas para transportar os eleitores. J\u00e1 quem optar por sair de carro deve ficar atento, j\u00e1 que h\u00e1 mudan\u00e7as no tr\u00e2nsito.Foto: ilustrativa<\/p>\n","protected":false},"excerpt":{"rendered":"<p>As elei\u00e7\u00f5es municipais tamb\u00e9m causaram a interdi\u00e7\u00e3o de algumas vias da cidade. A Rua Bar\u00e3o<\/p>\n","protected":false},"author":2,"featured_media":5688,"comment_status":"open","ping_status":"open","sticky":false,"template":"","format":"standard","meta":{"footnotes":""},"categories":[12],"tags":[],"class_list":["post-5687","post","type-post","status-publish","format-standard","has-post-thumbnail","hentry","category-cidade"],"_links":{"self":[{"href":"https:\/\/tvc16.com\/portal\/wp-json\/wp\/v2\/posts\/5687","targetHints":{"allow":["GET"]}}],"collection":[{"href":"https:\/\/tvc16.com\/portal\/wp-json\/wp\/v2\/posts"}],"about":[{"href":"https:\/\/tvc16.com\/portal\/wp-json\/wp\/v2\/types\/post"}],"author":[{"embeddable":true,"href":"https:\/\/tvc16.com\/portal\/wp-json\/wp\/v2\/users\/2"}],"replies":[{"embeddable":true,"href":"https:\/\/tvc16.com\/portal\/wp-json\/wp\/v2\/comments?post=5687"}],"version-history":[{"count":1,"href":"https:\/\/tvc16.com\/portal\/wp-json\/wp\/v2\/posts\/5687\/revisions"}],"predecessor-version":[{"id":5689,"href":"https:\/\/tvc16.com\/portal\/wp-json\/wp\/v2\/posts\/5687\/revisions\/5689"}],"wp:featuredmedia":[{"embeddable":true,"href":"https:\/\/tvc16.com\/portal\/wp-json\/wp\/v2\/media\/5688"}],"wp:attachment":[{"href":"https:\/\/tvc16.com\/portal\/wp-json\/wp\/v2\/media?parent=5687"}],"wp:term":[{"taxonomy":"category","embeddable":true,"href":"https:\/\/tvc16.com\/portal\/wp-json\/wp\/v2\/categories?post=5687"},{"taxonomy":"post_tag","embeddable":true,"href":"https:\/\/tvc16.com\/portal\/wp-json\/wp\/v2\/tags?post=5687"}],"curies":[{"name":"wp","href":"https:\/\/api.w.org\/{rel}","templated":true}]}}