{"id":56915,"date":"2023-04-08T07:00:00","date_gmt":"2023-04-08T10:00:00","guid":{"rendered":"https:\/\/tvc16.com\/portal\/?p=56915"},"modified":"2023-04-07T10:36:28","modified_gmt":"2023-04-07T13:36:28","slug":"estadio-de-atletismo-celio-de-barros-no-rio-tera-atividades-gratuitas-neste-sabado","status":"publish","type":"post","link":"https:\/\/tvc16.com\/portal\/2023\/04\/08\/estadio-de-atletismo-celio-de-barros-no-rio-tera-atividades-gratuitas-neste-sabado\/","title":{"rendered":"Est\u00e1dio de Atletismo C\u00e9lio de Barros, no Rio, ter\u00e1 atividades gratuitas neste s\u00e1bado"},"content":{"rendered":"\n<p>O Est\u00e1dio de Atletismo C\u00e9lio de Barros, no Complexo do Maracan\u00e3, Zona Norte do Rio, abre as portas neste s\u00e1bado, 08, das 8h \u00e0s 13h, com uma programa\u00e7\u00e3o que vai muito al\u00e9m do esporte. Gratuito, aberto \u00e0s crian\u00e7as\u00a0e sem limite de idade, o evento &#8220;Esporte, P\u00e1scoa e Lazer&#8221;, realizado por meio da Secretaria de Esporte e Lazer e da Suderj, tamb\u00e9m ter\u00e1 brincadeiras e muita divers\u00e3o para agitar a P\u00e1scoa dos pequenos. <\/p>\n\n\n\n<p>Os pais tamb\u00e9m ter\u00e3o o que aproveitar: durante o evento ser\u00e1 poss\u00edvel emitir documentos, tirar d\u00favidas sobre benef\u00edcios p\u00fablicos e ainda se candidatar a vagas de emprego pela Secretaria de Estado de Trabalho e Renda.\u00a0<\/p>\n\n\n\n<p>&#8211; Essa \u00e9 uma \u00f3tima oportunidade de juntar o esporte, lazer e diversos servi\u00e7os oferecidos pelo&nbsp;Governo do Estado. Quebraremos, mais uma vez, paradigmas e mostraremos&nbsp;que o esporte vai muito al\u00e9m. Esporte \u00e9 lazer, cultura e diversidade &#8211; comenta o presidente da Suderj, Gelby Justo.<\/p>\n\n\n\n<p>A programa\u00e7\u00e3o come\u00e7a \u00e0s 8h e vai at\u00e9 13h. E at\u00e9 o coelho da P\u00e1scoa confirmou presen\u00e7a. Ele chegar\u00e1 \u00e0s 10h prometendo muita&nbsp;divers\u00e3o para todos. As crian\u00e7as ainda poder\u00e3o se aventurar em atividades com brinquedos infl\u00e1veis, como o futebol de sab\u00e3o e a subida na escalada, e ter\u00e3o a oportunidade de treinar a mira no arco e flecha e no chute ao gol. Para quem curte esportes diferentes, o desafio ser\u00e1 lan\u00e7ado nas partidas de badminton e de big v\u00f4lei.&nbsp;<\/p>\n\n\n\n<p>Haver\u00e1 ainda venda e doa\u00e7\u00e3o de livros infantis, al\u00e9m de sess\u00f5es de leitura com o Programa Mais Leitura, da Imprensa Oficial do Estado. Muitas outras a\u00e7\u00f5es ir\u00e3o alegrar e abrilhantar o evento como a distribui\u00e7\u00e3o de algod\u00e3o doce, anima\u00e7\u00e3o com bola mania, al\u00e9m de esculturas feitas em bal\u00f5es, pintura facial e teatro de fantoches.&nbsp;<\/p>\n\n\n\n<p>O Esporte, P\u00e1scoa e Lazer conta com a parceria da Secretaria de Estado de Trabalho e Renda, Secretaria de Governo, Detran\/RJ, Procon\/RJ, Cecierj, Corpo de Bombeiros, Pol\u00edcia Militar e Funda\u00e7\u00e3o Le\u00e3o XIII.<\/p>\n\n\n\n<p><strong><br>Confira a programa\u00e7\u00e3o a seguir e n\u00e3o perca os hor\u00e1rios das atividades:<\/strong><\/p>\n\n\n\n<p>\u2022&nbsp;&nbsp; &nbsp;Chegada do Coelho da P\u00e1scoa &#8211; 10h;<br>\u2022&nbsp;&nbsp; &nbsp;Algod\u00e3o doce &#8211; 10h \u00e0s 12h;<br>\u2022&nbsp;&nbsp; &nbsp;Bola Mania &#8211; 9h \u00e0s 12h;<br>\u2022&nbsp;&nbsp; &nbsp;Teatro com fantoches &#8211; 9h \u00e0s 12h;<br>\u2022&nbsp;&nbsp; &nbsp;Experimentos cient\u00edficos da Cecierj &#8211; 8h \u00e0s 13h.<\/p>\n\n\n\n<p><strong>Servi\u00e7os:<br><\/strong><br>&#8211; Agendamento para emiss\u00e3o de documentos (Detran\/RJ);<br>&#8211; Solicita\u00e7\u00e3o de isen\u00e7\u00f5es (Funda\u00e7\u00e3o Le\u00e3o XIII);<br>&#8211; Balc\u00e3o de empregos e consulta ao CTPS digital (Secretaria de Estado de Trabalho e Renda);<br>&#8211; Consultoria sobre os direitos do consumidor (Procon\/RJ);<br>&#8211; Orienta\u00e7\u00f5es sobre benef\u00edcios (Servi\u00e7o Social);<\/p>\n\n\n\n<p><strong>Agenda:<\/strong><\/p>\n\n\n\n<p><strong>Esporte, P\u00e1scoa e Lazer<\/strong><\/p>\n\n\n\n<p>Data: 8 de abril<br>Hora: 8h \u00e0s 13h<br>Local: Est\u00e1dio de Atletismo C\u00e9lio de Barros &#8211; Avenida Professor Manoel de Abreu, n\u00ba 76, Maracan\u00e3.<br>Evento gratuito.<\/p>\n","protected":false},"excerpt":{"rendered":"<p>O Est\u00e1dio de Atletismo C\u00e9lio de Barros, no Complexo do Maracan\u00e3, Zona Norte do Rio,<\/p>\n","protected":false},"author":2,"featured_media":56916,"comment_status":"open","ping_status":"open","sticky":false,"template":"","format":"standard","meta":{"footnotes":""},"categories":[21,264,19,20,17],"tags":[],"class_list":["post-56915","post","type-post","status-publish","format-standard","has-post-thumbnail","hentry","category-cultura","category-destaque","category-educacao","category-esporte","category-outras-noticias"],"_links":{"self":[{"href":"https:\/\/tvc16.com\/portal\/wp-json\/wp\/v2\/posts\/56915","targetHints":{"allow":["GET"]}}],"collection":[{"href":"https:\/\/tvc16.com\/portal\/wp-json\/wp\/v2\/posts"}],"about":[{"href":"https:\/\/tvc16.com\/portal\/wp-json\/wp\/v2\/types\/post"}],"author":[{"embeddable":true,"href":"https:\/\/tvc16.com\/portal\/wp-json\/wp\/v2\/users\/2"}],"replies":[{"embeddable":true,"href":"https:\/\/tvc16.com\/portal\/wp-json\/wp\/v2\/comments?post=56915"}],"version-history":[{"count":1,"href":"https:\/\/tvc16.com\/portal\/wp-json\/wp\/v2\/posts\/56915\/revisions"}],"predecessor-version":[{"id":56917,"href":"https:\/\/tvc16.com\/portal\/wp-json\/wp\/v2\/posts\/56915\/revisions\/56917"}],"wp:featuredmedia":[{"embeddable":true,"href":"https:\/\/tvc16.com\/portal\/wp-json\/wp\/v2\/media\/56916"}],"wp:attachment":[{"href":"https:\/\/tvc16.com\/portal\/wp-json\/wp\/v2\/media?parent=56915"}],"wp:term":[{"taxonomy":"category","embeddable":true,"href":"https:\/\/tvc16.com\/portal\/wp-json\/wp\/v2\/categories?post=56915"},{"taxonomy":"post_tag","embeddable":true,"href":"https:\/\/tvc16.com\/portal\/wp-json\/wp\/v2\/tags?post=56915"}],"curies":[{"name":"wp","href":"https:\/\/api.w.org\/{rel}","templated":true}]}}