{"id":56918,"date":"2023-04-08T11:00:00","date_gmt":"2023-04-08T14:00:00","guid":{"rendered":"https:\/\/tvc16.com\/portal\/?p=56918"},"modified":"2023-04-07T10:43:49","modified_gmt":"2023-04-07T13:43:49","slug":"mais-de-196-mil-pessoas-no-brasil-aguardam-em-filas-de-cirurgias-eletivas","status":"publish","type":"post","link":"https:\/\/tvc16.com\/portal\/2023\/04\/08\/mais-de-196-mil-pessoas-no-brasil-aguardam-em-filas-de-cirurgias-eletivas\/","title":{"rendered":"Mais de 196 mil pessoas no Brasil aguardam em filas de cirurgias eletivas"},"content":{"rendered":"\n<p><em>Sophia Stein &#8211; Ag\u00eancia Brasil<\/em><\/p>\n\n\n\n<p>No Brasil, 196.916 pacientes aguardam na fila para a realiza\u00e7\u00e3o de consultas, exames e cirurgias no Sistema \u00danico de Sa\u00fade (SUS). Os dados foram divulgados durante a terceira Reuni\u00e3o Ordin\u00e1ria da Comiss\u00e3o Intergestores Tripartite (CIT). Esses n\u00fameros foram atualizados no \u00faltimo dia 29 de mar\u00e7o.<\/p>\n\n\n\n<p>Com o intuito de reduzir essas filas de espera, o governo federal criou o Programa Nacional de Redu\u00e7\u00e3o de Filas (PNRF). No in\u00edcio do ano, foram destinados R$ 600 milh\u00f5es para apoiar estados e munic\u00edpios nessa redu\u00e7\u00e3o.<\/p>\n\n\n\n<p>Durante a CIT, Helv\u00e9cio Miranda, secret\u00e1rio de aten\u00e7\u00e3o especializada \u00e0 sa\u00fade, do Minist\u00e9rio da Sa\u00fade, afirmou que o programa deve ampliar o esfor\u00e7o em cada munic\u00edpio, para a diminui\u00e7\u00e3o das filas.<\/p>\n\n\n\n<p>\u201cEspecialmente os grandes munic\u00edpios, mas n\u00e3o s\u00f3, para identificar, com forma segura, com CPF, a lista dos pacientes que est\u00e3o demandando, desde a consulta pr\u00e9 anest\u00e9sica, desde que indicado, para cirurgia eletiva\u201d, pontua.<\/p>\n\n\n\n<p>O secret\u00e1rio refor\u00e7a que a atua\u00e7\u00e3o da equipe respons\u00e1vel pela sa\u00fade municipal no desenvolvimento do projeto \u00e9 crucial para que os gestores possam avaliar a quantidade de pessoas que est\u00e3o na fila de espera e, assim, projetar estrat\u00e9gias eficazes para reduzir as filas..<\/p>\n\n\n\n<p>Felipe Proen\u00e7o, diretor de programas na Secretaria de Aten\u00e7\u00e3o Prim\u00e1ria \u00e0 Sa\u00fade, do Minist\u00e9rio da Sa\u00fade,\u00a0destaca que todos os pedidos que chegaram at\u00e9 o in\u00edcio do ano foram contemplados e os demais aguardam as publica\u00e7\u00f5es das portarias.<\/p>\n\n\n\n<p>\u201cS\u00e3o mais de 56 mil servi\u00e7os e equipes que estavam represados. Ent\u00e3o, \u00e0 medida que as portarias forem publicadas pelo gabinete da ministra, v\u00e3o ser divulgados os prazos ao longo deste m\u00eas de abril\u201d, explica.&nbsp;<\/p>\n\n\n\n<p>De acordo com o Minist\u00e9rio da Sa\u00fade, os crit\u00e9rios e detalhes para o repasse dos valores aos fundos estaduais e municipais de sa\u00fade ser\u00e3o publicados em portaria. Cada unidade federativa ter\u00e1 que entregar um diagn\u00f3stico com a real demanda local por cirurgias, assim como um planejamento para executar o programa de redu\u00e7\u00e3o das filas, para que seja estipulada a libera\u00e7\u00e3o de recursos.\u00a0<\/p>\n","protected":false},"excerpt":{"rendered":"<p>Sophia Stein &#8211; Ag\u00eancia Brasil No Brasil, 196.916 pacientes aguardam na fila para a realiza\u00e7\u00e3o<\/p>\n","protected":false},"author":2,"featured_media":56919,"comment_status":"open","ping_status":"open","sticky":false,"template":"","format":"standard","meta":{"footnotes":""},"categories":[264,17,14,13],"tags":[],"class_list":["post-56918","post","type-post","status-publish","format-standard","has-post-thumbnail","hentry","category-destaque","category-outras-noticias","category-pais","category-saude"],"_links":{"self":[{"href":"https:\/\/tvc16.com\/portal\/wp-json\/wp\/v2\/posts\/56918","targetHints":{"allow":["GET"]}}],"collection":[{"href":"https:\/\/tvc16.com\/portal\/wp-json\/wp\/v2\/posts"}],"about":[{"href":"https:\/\/tvc16.com\/portal\/wp-json\/wp\/v2\/types\/post"}],"author":[{"embeddable":true,"href":"https:\/\/tvc16.com\/portal\/wp-json\/wp\/v2\/users\/2"}],"replies":[{"embeddable":true,"href":"https:\/\/tvc16.com\/portal\/wp-json\/wp\/v2\/comments?post=56918"}],"version-history":[{"count":1,"href":"https:\/\/tvc16.com\/portal\/wp-json\/wp\/v2\/posts\/56918\/revisions"}],"predecessor-version":[{"id":56920,"href":"https:\/\/tvc16.com\/portal\/wp-json\/wp\/v2\/posts\/56918\/revisions\/56920"}],"wp:featuredmedia":[{"embeddable":true,"href":"https:\/\/tvc16.com\/portal\/wp-json\/wp\/v2\/media\/56919"}],"wp:attachment":[{"href":"https:\/\/tvc16.com\/portal\/wp-json\/wp\/v2\/media?parent=56918"}],"wp:term":[{"taxonomy":"category","embeddable":true,"href":"https:\/\/tvc16.com\/portal\/wp-json\/wp\/v2\/categories?post=56918"},{"taxonomy":"post_tag","embeddable":true,"href":"https:\/\/tvc16.com\/portal\/wp-json\/wp\/v2\/tags?post=56918"}],"curies":[{"name":"wp","href":"https:\/\/api.w.org\/{rel}","templated":true}]}}