{"id":56921,"date":"2023-04-08T15:00:00","date_gmt":"2023-04-08T18:00:00","guid":{"rendered":"https:\/\/tvc16.com\/portal\/?p=56921"},"modified":"2023-04-07T10:48:40","modified_gmt":"2023-04-07T13:48:40","slug":"precos-minimos-do-cafe-e-da-laranja-sao-reajustados-pelo-governo","status":"publish","type":"post","link":"https:\/\/tvc16.com\/portal\/2023\/04\/08\/precos-minimos-do-cafe-e-da-laranja-sao-reajustados-pelo-governo\/","title":{"rendered":"Pre\u00e7os m\u00ednimos do caf\u00e9 e da laranja s\u00e3o reajustados pelo governo"},"content":{"rendered":"\n<p><em>Janine Gaspar &#8211; Ag\u00eancia Brasil<\/em><\/p>\n\n\n\n<p>Nesta semana o Conselho Monet\u00e1rio Nacional (CMN) aprovou os reajustes para os pre\u00e7os m\u00ednimos da laranja in natura e caf\u00e9s ar\u00e1bica e conilon para a safra 2023\/2024.<\/p>\n\n\n\n<p>Os pre\u00e7os m\u00ednimos foram regionalizados para a laranja, com destaque para o Rio Grande do Sul. A medida foi tomada por causa do diferencial do sistema de produ\u00e7\u00e3o ga\u00facho.&nbsp;<\/p>\n\n\n\n<p>Os pre\u00e7os m\u00ednimos aprovados foram baseados nos custos de produ\u00e7\u00e3o calculados pela Conab, com acr\u00e9scimo de 10% sobre o custo para o Rio Grande do Sul e, 8,75% para os demais estados.&nbsp;<\/p>\n\n\n\n<p>Os pre\u00e7os de laranja aprovados s\u00e3o de R$ 20,53\/40,8 kg para o Rio Grande do Sul e de R$ 22,72\/40,8 kg para as demais localidades.&nbsp;<\/p>\n\n\n\n<h2 class=\"wp-block-heading\">Caf\u00e9&nbsp;<\/h2>\n\n\n\n<p>O caf\u00e9 ar\u00e1bica aumentou 12,77%, saindo de R$ 606,66\/saca de 60 kg para R$ 684,16\/saca de 60 kg. O caf\u00e9 \u00e9 do tipo 6, bebida dura para melhor, com at\u00e9 86 defeitos, peneira 13 acima, admitido at\u00e9 10% de vazamento e teor de umidade de at\u00e9 12,5%.<\/p>\n\n\n\n<p>J\u00e1 o caf\u00e9 conilon, tipo 7, com at\u00e9 150 defeitos, peneira 13 acima e teor de umidade de at\u00e9 12,5%, foi reajustado em 5,8%, de R$ 434,82\/saca de 60 kg para R$ 460,02.<\/p>\n\n\n\n<p>O presidente do Conselho Nacional do Caf\u00e9, Silas Brasileiro, comentou sobre a decis\u00e3o do CMN. &#8220;N\u00f3s esper\u00e1vamos que teria uma discuss\u00e3o mais ampla sobre o reajuste no pre\u00e7o do caf\u00e9, tanto ar\u00e1bica quanto Conilon, n\u00e3o houve realmente uma discuss\u00e3o que deveria ter acontecido inclusive dentro do Conselho. N\u00f3s tivemos um reajuste com rela\u00e7\u00e3o aos insumos muito superior a essa corre\u00e7\u00e3o no pre\u00e7o do caf\u00e9&#8221;, explicou.&nbsp;<\/p>\n\n\n\n<p>Os novos valores passam a vigorar a partir de julho deste ano at\u00e9 junho de 2024.<\/p>\n","protected":false},"excerpt":{"rendered":"<p>Janine Gaspar &#8211; Ag\u00eancia Brasil Nesta semana o Conselho Monet\u00e1rio Nacional (CMN) aprovou os reajustes<\/p>\n","protected":false},"author":2,"featured_media":56922,"comment_status":"open","ping_status":"open","sticky":false,"template":"","format":"standard","meta":{"footnotes":""},"categories":[264,18,17,14],"tags":[],"class_list":["post-56921","post","type-post","status-publish","format-standard","has-post-thumbnail","hentry","category-destaque","category-economia","category-outras-noticias","category-pais"],"_links":{"self":[{"href":"https:\/\/tvc16.com\/portal\/wp-json\/wp\/v2\/posts\/56921","targetHints":{"allow":["GET"]}}],"collection":[{"href":"https:\/\/tvc16.com\/portal\/wp-json\/wp\/v2\/posts"}],"about":[{"href":"https:\/\/tvc16.com\/portal\/wp-json\/wp\/v2\/types\/post"}],"author":[{"embeddable":true,"href":"https:\/\/tvc16.com\/portal\/wp-json\/wp\/v2\/users\/2"}],"replies":[{"embeddable":true,"href":"https:\/\/tvc16.com\/portal\/wp-json\/wp\/v2\/comments?post=56921"}],"version-history":[{"count":1,"href":"https:\/\/tvc16.com\/portal\/wp-json\/wp\/v2\/posts\/56921\/revisions"}],"predecessor-version":[{"id":56923,"href":"https:\/\/tvc16.com\/portal\/wp-json\/wp\/v2\/posts\/56921\/revisions\/56923"}],"wp:featuredmedia":[{"embeddable":true,"href":"https:\/\/tvc16.com\/portal\/wp-json\/wp\/v2\/media\/56922"}],"wp:attachment":[{"href":"https:\/\/tvc16.com\/portal\/wp-json\/wp\/v2\/media?parent=56921"}],"wp:term":[{"taxonomy":"category","embeddable":true,"href":"https:\/\/tvc16.com\/portal\/wp-json\/wp\/v2\/categories?post=56921"},{"taxonomy":"post_tag","embeddable":true,"href":"https:\/\/tvc16.com\/portal\/wp-json\/wp\/v2\/tags?post=56921"}],"curies":[{"name":"wp","href":"https:\/\/api.w.org\/{rel}","templated":true}]}}