{"id":56924,"date":"2023-04-08T17:00:00","date_gmt":"2023-04-08T20:00:00","guid":{"rendered":"https:\/\/tvc16.com\/portal\/?p=56924"},"modified":"2023-04-07T11:38:38","modified_gmt":"2023-04-07T14:38:38","slug":"incendios-na-amazonia-levam-a-15-milhoes-de-casos-de-doencas-respiratorias-e-cardiacas-por-ano","status":"publish","type":"post","link":"https:\/\/tvc16.com\/portal\/2023\/04\/08\/incendios-na-amazonia-levam-a-15-milhoes-de-casos-de-doencas-respiratorias-e-cardiacas-por-ano\/","title":{"rendered":"Inc\u00eandios na Amaz\u00f4nia levam a 15 milh\u00f5es de casos de doen\u00e7as respirat\u00f3rias e card\u00edacas por ano"},"content":{"rendered":"\n<p><em>Ana Bottallo  &#8211; FolhaPress<\/em><\/p>\n\n\n\n<p>Um estudo conseguiu mensurar pela primeira vez os danos associados \u00e0s queimadas em terras ind\u00edgenas da Amaz\u00f4nia Legal e observou um impacto estimado de cerca de 15 milh\u00f5es de casos de infec\u00e7\u00f5es respirat\u00f3rias e doen\u00e7as cardiovasculares por ano com um custo estimado de US$ 2 bilh\u00f5es (cerca de R$ 10,1 bi).<\/p>\n\n\n\n<p>Considerando que as part\u00edculas de poluentes dispersas com os inc\u00eandios podem se espalhar para at\u00e9 500 km do local do foco inicial, os danos \u00e0 sa\u00fade s\u00e3o sentidos em diversos outros estados e pa\u00edses do continente sul-americano.<\/p>\n\n\n\n<p>Por outro lado, manter a floresta de p\u00e9 auxilia na absor\u00e7\u00e3o desses poluentes e ajuda a prevenir casos de problemas respirat\u00f3rios e gastos aos servi\u00e7os de sa\u00fade.<\/p>\n\n\n\n<p>O estudo, publicado nesta quinta (6) na revista cient\u00edfica Communications Earth &amp; Environment, do grupo Nature, foi conduzido por pesquisadores de Brasil, M\u00e9xico e Estados Unidos, com apoio financeiro da Funda\u00e7\u00e3o Ford.<\/p>\n\n\n\n<p>Antes da publica\u00e7\u00e3o, foi organizada uma confer\u00eancia para jornalistas na \u00faltima quarta (5) com a presen\u00e7a de Carlos Nobre, cientista do clima, Paula Prist, pesquisadora da Ecohealth Alliance (EUA) e autora principal do estudo, Patr\u00edcia Pinho, diretora cient\u00edfica do Ipam (Instituto Brasileiro de Pesquisa Ambiental da Amaz\u00f4nia), Marcia Macedo, diretora do programa de \u00e1gua e pesquisadora do Centro de Pesquisas Clim\u00e1ticas Woodwell, Dinamam Tux\u00e3, coordenador-executivo da Apib (Articula\u00e7\u00e3o dos Povos Ind\u00edgenas do Brasil) e Maypatxi Apurin\u00e3, gerente de monitoramento territorial da Coiab (Coordena\u00e7\u00e3o das Organiza\u00e7\u00f5es Ind\u00edgenas da Amaz\u00f4nia Brasileira).<\/p>\n\n\n\n<p>Para avaliar os efeitos na sa\u00fade do fogo nos territ\u00f3rios ind\u00edgenas da Amaz\u00f4nia, os cientistas primeiro usaram dados de sat\u00e9lite de dois sistemas da Nasa de inc\u00eandios e a correla\u00e7\u00e3o destes com a emiss\u00e3o de poluentes na atmosfera de 2010 a 2019.<\/p>\n\n\n\n<p>Esses poluentes s\u00e3o medidos pela chamada concentra\u00e7\u00e3o de material particulado de dimens\u00e3o 2,5 (PM2,5). A OMS (Organiza\u00e7\u00e3o Mundial da Sa\u00fade) recomenda um limite m\u00e1ximo de 5 \u00b5g\/m3 (microgramas por metro c\u00fabico) de PM2,5.<\/p>\n\n\n\n<p>Em seguida, observaram a incid\u00eancia das infec\u00e7\u00f5es respirat\u00f3rias do mesmo per\u00edodo provocadas pela polui\u00e7\u00e3o do ar ou por inala\u00e7\u00e3o dessas subst\u00e2ncias, utilizando os dados do DataSUS, do Minist\u00e9rio da Sa\u00fade. Os cientistas consideraram as taxas de infec\u00e7\u00f5es nos 772 munic\u00edpios da regi\u00e3o, n\u00e3o s\u00f3 naqueles adjacentes \u00e0s terras ind\u00edgenas.<\/p>\n\n\n\n<p>Segundo Prist, a an\u00e1lise das infec\u00e7\u00f5es respirat\u00f3rias no estudo incluiu tanto os pacientes afetados pela exposi\u00e7\u00e3o ao PM2,5 aguda (no local do inc\u00eandio), cujos efeitos levam ao atendimento emergencial em servi\u00e7os de sa\u00fade, quanto aqueles que, devido a uma exposi\u00e7\u00e3o anual \u00e0s part\u00edculas, tiveram adoecimento cr\u00f4nico.<\/p>\n\n\n\n<p>Cruzando os dados, os pesquisadores viram uma maior incid\u00eancia de infec\u00e7\u00f5es por doen\u00e7as respirat\u00f3rias nos anos de maior ocorr\u00eancia de queimadas (2011, 2013 e 2010). A incid\u00eancia m\u00e9dia anual no per\u00edodo foi de 587 casos por 100 mil habitantes.<\/p>\n\n\n\n<p>Nos territ\u00f3rios ind\u00edgenas, a taxa registrada foi de 227 casos por 100 mil habitantes \u0097cerca de 143 mil casos por ano. A incid\u00eancia de novas infec\u00e7\u00f5es respirat\u00f3rias apresentou um crescimento de 165% nos territ\u00f3rios ind\u00edgenas de 2010 a 2019, sendo o \u00faltimo o pico de maior incid\u00eancia (tamb\u00e9m de maior ocorr\u00eancia de queimadas).<\/p>\n\n\n\n<p>Alguns locais, como nos territ\u00f3rios ind\u00edgenas Kayabi (Mato Grosso), Panar\u00e1 (Par\u00e1) e Sete de Setembro (na divisa de Rond\u00f4nia e Mato Grosso) representaram as maiores incid\u00eancias de casos respirat\u00f3rios.<br>Para a pesquisadora, apesar de alguns picos representados por aumento da ocorr\u00eancia de queimadas em 2013 e 2019, a an\u00e1lise considerou as interna\u00e7\u00f5es ano a ano justamente para eliminar esses poss\u00edveis pontos &#8220;fora da curva&#8221;.<\/p>\n\n\n\n<p>&#8220;Toda vez que temos um inc\u00eandio, ele tem o efeito para a sa\u00fade p\u00fablica e, embora em anos com mais queimadas o efeito seja maior, na nossa an\u00e1lise vimos uma correla\u00e7\u00e3o clara entre incid\u00eancia de doen\u00e7a respirat\u00f3ria e emiss\u00e3o de poluentes&#8221;, afirma Paula Prist.<\/p>\n\n\n\n<p>A pesquisa estimou que mais de 1,7 tonelada por ano de poluentes \u00e9 liberada s\u00f3 com os inc\u00eandios na Amaz\u00f4nia, sem contar as queimadas em outros biomas brasileiros.<\/p>\n\n\n\n<p>Por outro lado, a floresta amaz\u00f4nica tem o potencial estimado de absorver 26 mil toneladas de poluentes na atmosfera a cada ano, sendo 27% desta capacidade somente nos territ\u00f3rios ind\u00edgenas, que representam 22% de toda a extens\u00e3o da Amaz\u00f4nia Legal.<\/p>\n\n\n\n<p>&#8220;A preserva\u00e7\u00e3o da floresta e dos territ\u00f3rios ind\u00edgenas e tradicionais tem capacidade n\u00e3o s\u00f3 de mitiga\u00e7\u00e3o clim\u00e1tica, mas tamb\u00e9m de trazer benef\u00edcios inequ\u00edvocos para a sa\u00fade&#8221;, explica Prist, destacando que nos \u00faltimos quatro anos de governo Bolsonaro houve um desmantelamento das pol\u00edticas de prote\u00e7\u00e3o \u00e0s terras ind\u00edgenas.<\/p>\n\n\n\n<p>O estudo destaca ainda que houve um aumento de perda florestal por queimadas no per\u00edodo, uma situa\u00e7\u00e3o que vem se agravando \u0097os anos de 2020 a 2022, n\u00e3o inclusos no estudo, foram de recordes de desmatamento na regi\u00e3o.<\/p>\n\n\n\n<p>&#8220;O n\u00famero de inc\u00eandios vem crescendo nos \u00faltimos anos, ent\u00e3o \u00e9 de se esperar que os efeitos para a sa\u00fade tamb\u00e9m sejam aumentados&#8221;, afirma a pesquisadora.<\/p>\n\n\n\n<p>Para Dinaman Tux\u00e3, da Apib, o estudo concretiza aquilo que os povos ind\u00edgenas alertam h\u00e1 tempos. &#8220;J\u00e1 vimos alertando e contribuindo para a comunidade cient\u00edfica e global a import\u00e2ncia dos territ\u00f3rios ind\u00edgenas para o combate ao aquecimento global e \u00e0s mudan\u00e7as clim\u00e1ticas. Quando alertamos para a demarca\u00e7\u00e3o [de terras], isso reflete muito mais do que apenas na popula\u00e7\u00e3o ind\u00edgena que vive ali&#8221;, diz.<br>Tux\u00e3 espera que o governo Lula (PT) cumpra a promessa de realizar a demarca\u00e7\u00e3o de terras ind\u00edgenas at\u00e9 o prazo de cem dias de governo, que ser\u00e1 completado na pr\u00f3xima segunda (10).<\/p>\n\n\n\n<p>Em nota, o Minist\u00e9rio dos Povos Ind\u00edgenas informou que concluiu a instru\u00e7\u00e3o processual de 12 terras ind\u00edgenas consideradas como prontas para finaliza\u00e7\u00e3o do procedimento demarcat\u00f3rio, de acordo com a identifica\u00e7\u00e3o feita pela equipe de transi\u00e7\u00e3o de governo ainda em 2022, e que espera retomar os processos de demarca\u00e7\u00e3o durante o m\u00eas de abril.<\/p>\n\n\n\n<p>De acordo com estudo do Ipam (Instituto de Pesquisa Ambiental da Amaz\u00f4nia), a demarca\u00e7\u00e3o dos 13 territ\u00f3rios ind\u00edgenas prometidos, dos quais cinco est\u00e3o na Amaz\u00f4nia, totalizariam em uma redu\u00e7\u00e3o de mais de 470 bilh\u00f5es de gases de efeito estufa emitidos na atmosfera, al\u00e9m da possibilidade de estocar dezenas de bilh\u00f5es de toneladas de carbono.<\/p>\n\n\n\n<p>&#8220;\u00c9 imprescind\u00edvel preservar os territ\u00f3rios n\u00e3o s\u00f3 pela sua biodiversidade e complexidade cultural, mas para assegurar o futuro t\u00e3o almejado de um desenvolvimento sustent\u00e1vel e de resili\u00eancia clim\u00e1tica&#8221;, afirma Patr\u00edcia Pinho, do Ipam.<\/p>\n","protected":false},"excerpt":{"rendered":"<p>Ana Bottallo &#8211; FolhaPress Um estudo conseguiu mensurar pela primeira vez os danos associados \u00e0s<\/p>\n","protected":false},"author":2,"featured_media":56925,"comment_status":"open","ping_status":"open","sticky":false,"template":"","format":"standard","meta":{"footnotes":""},"categories":[264,17,14],"tags":[],"class_list":["post-56924","post","type-post","status-publish","format-standard","has-post-thumbnail","hentry","category-destaque","category-outras-noticias","category-pais"],"_links":{"self":[{"href":"https:\/\/tvc16.com\/portal\/wp-json\/wp\/v2\/posts\/56924","targetHints":{"allow":["GET"]}}],"collection":[{"href":"https:\/\/tvc16.com\/portal\/wp-json\/wp\/v2\/posts"}],"about":[{"href":"https:\/\/tvc16.com\/portal\/wp-json\/wp\/v2\/types\/post"}],"author":[{"embeddable":true,"href":"https:\/\/tvc16.com\/portal\/wp-json\/wp\/v2\/users\/2"}],"replies":[{"embeddable":true,"href":"https:\/\/tvc16.com\/portal\/wp-json\/wp\/v2\/comments?post=56924"}],"version-history":[{"count":1,"href":"https:\/\/tvc16.com\/portal\/wp-json\/wp\/v2\/posts\/56924\/revisions"}],"predecessor-version":[{"id":56926,"href":"https:\/\/tvc16.com\/portal\/wp-json\/wp\/v2\/posts\/56924\/revisions\/56926"}],"wp:featuredmedia":[{"embeddable":true,"href":"https:\/\/tvc16.com\/portal\/wp-json\/wp\/v2\/media\/56925"}],"wp:attachment":[{"href":"https:\/\/tvc16.com\/portal\/wp-json\/wp\/v2\/media?parent=56924"}],"wp:term":[{"taxonomy":"category","embeddable":true,"href":"https:\/\/tvc16.com\/portal\/wp-json\/wp\/v2\/categories?post=56924"},{"taxonomy":"post_tag","embeddable":true,"href":"https:\/\/tvc16.com\/portal\/wp-json\/wp\/v2\/tags?post=56924"}],"curies":[{"name":"wp","href":"https:\/\/api.w.org\/{rel}","templated":true}]}}