{"id":5693,"date":"2020-11-15T13:10:26","date_gmt":"2020-11-15T16:10:26","guid":{"rendered":"https:\/\/tvc16.com\/portal\/?p=5693"},"modified":"2020-11-15T13:10:29","modified_gmt":"2020-11-15T16:10:29","slug":"idoso-e-agredido-pelo-filho-em-correas","status":"publish","type":"post","link":"https:\/\/tvc16.com\/portal\/2020\/11\/15\/idoso-e-agredido-pelo-filho-em-correas\/","title":{"rendered":"Idoso \u00e9 agredido pelo filho em Corr\u00eaas"},"content":{"rendered":"\n<p>Um homem, de 48 anos, foi preso no s\u00e1bado (14) ap\u00f3s agredir o pr\u00f3prio pai, de 79 anos. O caso foi registrado na Rua Norival Ribeiro Damasceno, no Bairro da Gl\u00f3ria, em Corr\u00eaas.<\/p>\n\n\n\n<p><br>De acordo com informa\u00e7\u00f5es da Pol\u00edcia Militar, uma guarni\u00e7\u00e3o foi acionada ap\u00f3s vizinhos flagrem a agress\u00e3o. A v\u00edtima precisou ser levada para o Hospital Alcides Carneiro onde passou por atendimento m\u00e9dico.<\/p>\n\n\n\n<p>O acusado foi encaminhado para a Delegacia, no Retiro, onde foi autuado permanecendo preso.<\/p>\n","protected":false},"excerpt":{"rendered":"<p>Um homem, de 48 anos, foi preso no s\u00e1bado (14) ap\u00f3s agredir o pr\u00f3prio pai,<\/p>\n","protected":false},"author":2,"featured_media":5694,"comment_status":"open","ping_status":"open","sticky":false,"template":"","format":"standard","meta":{"footnotes":""},"categories":[12],"tags":[],"class_list":["post-5693","post","type-post","status-publish","format-standard","has-post-thumbnail","hentry","category-cidade"],"_links":{"self":[{"href":"https:\/\/tvc16.com\/portal\/wp-json\/wp\/v2\/posts\/5693","targetHints":{"allow":["GET"]}}],"collection":[{"href":"https:\/\/tvc16.com\/portal\/wp-json\/wp\/v2\/posts"}],"about":[{"href":"https:\/\/tvc16.com\/portal\/wp-json\/wp\/v2\/types\/post"}],"author":[{"embeddable":true,"href":"https:\/\/tvc16.com\/portal\/wp-json\/wp\/v2\/users\/2"}],"replies":[{"embeddable":true,"href":"https:\/\/tvc16.com\/portal\/wp-json\/wp\/v2\/comments?post=5693"}],"version-history":[{"count":1,"href":"https:\/\/tvc16.com\/portal\/wp-json\/wp\/v2\/posts\/5693\/revisions"}],"predecessor-version":[{"id":5695,"href":"https:\/\/tvc16.com\/portal\/wp-json\/wp\/v2\/posts\/5693\/revisions\/5695"}],"wp:featuredmedia":[{"embeddable":true,"href":"https:\/\/tvc16.com\/portal\/wp-json\/wp\/v2\/media\/5694"}],"wp:attachment":[{"href":"https:\/\/tvc16.com\/portal\/wp-json\/wp\/v2\/media?parent=5693"}],"wp:term":[{"taxonomy":"category","embeddable":true,"href":"https:\/\/tvc16.com\/portal\/wp-json\/wp\/v2\/categories?post=5693"},{"taxonomy":"post_tag","embeddable":true,"href":"https:\/\/tvc16.com\/portal\/wp-json\/wp\/v2\/tags?post=5693"}],"curies":[{"name":"wp","href":"https:\/\/api.w.org\/{rel}","templated":true}]}}