{"id":56972,"date":"2023-04-07T12:46:18","date_gmt":"2023-04-07T15:46:18","guid":{"rendered":"https:\/\/tvc16.com\/portal\/?p=56972"},"modified":"2023-04-07T12:46:19","modified_gmt":"2023-04-07T15:46:19","slug":"multas-por-desmatamento-na-amazonia-aumentam-219-no-1o-trimestre","status":"publish","type":"post","link":"https:\/\/tvc16.com\/portal\/2023\/04\/07\/multas-por-desmatamento-na-amazonia-aumentam-219-no-1o-trimestre\/","title":{"rendered":"Multas por desmatamento na Amaz\u00f4nia aumentam 219% no 1\u00ba trimestre"},"content":{"rendered":"\n<h3 class=\"wp-block-heading\">Apreens\u00f5es na regi\u00e3o tiveram alta de 133%<\/h3>\n\n\n\n<h4 class=\"wp-block-heading\">Por Daniella Almeida\u00a0&#8211; Rep\u00f3rter da Ag\u00eancia Brasil &#8211; Bras\u00edlia<audio src=\"https:\/\/tts-app.ebc.com.br\/media\/tts\/201548.mp3\"><\/audio><\/h4>\n\n\n\n<p>O n\u00famero de multas por desmatamento e outras infra\u00e7\u00f5es na regi\u00e3o amaz\u00f4nica, no primeiro trimestre de 2023, aumentou 219%, se comparado \u00e0 m\u00e9dia do mesmo per\u00edodo dos anos de 2019 a 2022. Os dados s\u00e3o do Instituto Brasileiro do Meio Ambiente e dos Recursos Naturais Renov\u00e1veis (Ibama).&nbsp;<\/p>\n\n\n\n<p>Somam-se \u00e0s multas, as apreens\u00f5es de bens e produtos relacionados \u00e0s infra\u00e7\u00f5es ambientais, que tiveram alta de 133%, e o n\u00famero de embargos de propriedades, que cresceu 93%, no mesmo per\u00edodo. O Ibama aponta que essas medidas descapitalizam os infratores e impedem que obtenham financiamentos banc\u00e1rios, al\u00e9m de restringir o com\u00e9rcio de produtos ilegais.&nbsp;<\/p>\n\n\n\n<p>Se observadas somente as opera\u00e7\u00f5es realizadas contra os invasores do territ\u00f3rio ind\u00edgena Yanomami, localizado nos estados do Amazonas e Roraima, desde 6 de fevereiro at\u00e9 o momento, o Ibama destruiu 285 acampamentos de garimpeiros, oito aeronaves, 23 barcos, tr\u00eas tratores e 124 motores. Tamb\u00e9m foram apreendidos 21 mil litros de combust\u00edvel, 22 toneladas do min\u00e9rio cassiterita, 5 kg de merc\u00fario, entre outros equipamentos de apoio log\u00edstico ao garimpo ilegal.&nbsp;<\/p>\n\n\n\n<p>Em todo o Brasil, as autua\u00e7\u00f5es ambientais do instituto aumentaram 78%, de janeiro a mar\u00e7o deste ano, em rela\u00e7\u00e3o ao mesmo intervalo de meses, dos quatro anos anteriores.&nbsp;<\/p>\n\n\n\n<p>O Ibama justifica que os aumentos das multas, apreens\u00f5es de bens e produtos e embargos de propriedades ocorreram devido \u00e0 retomada das atribui\u00e7\u00f5es do \u00f3rg\u00e3o ambiental do governo federal e o comando do combate ao desmatamento pela \u00e1rea ambiental.&nbsp;<\/p>\n\n\n\n<p>Edi\u00e7\u00e3o: Maria Claudia<\/p>\n","protected":false},"excerpt":{"rendered":"<p>Apreens\u00f5es na regi\u00e3o tiveram alta de 133% Por Daniella Almeida\u00a0&#8211; Rep\u00f3rter da Ag\u00eancia Brasil &#8211;<\/p>\n","protected":false},"author":2,"featured_media":56973,"comment_status":"open","ping_status":"open","sticky":false,"template":"","format":"standard","meta":{"footnotes":""},"categories":[17],"tags":[],"class_list":["post-56972","post","type-post","status-publish","format-standard","has-post-thumbnail","hentry","category-outras-noticias"],"_links":{"self":[{"href":"https:\/\/tvc16.com\/portal\/wp-json\/wp\/v2\/posts\/56972","targetHints":{"allow":["GET"]}}],"collection":[{"href":"https:\/\/tvc16.com\/portal\/wp-json\/wp\/v2\/posts"}],"about":[{"href":"https:\/\/tvc16.com\/portal\/wp-json\/wp\/v2\/types\/post"}],"author":[{"embeddable":true,"href":"https:\/\/tvc16.com\/portal\/wp-json\/wp\/v2\/users\/2"}],"replies":[{"embeddable":true,"href":"https:\/\/tvc16.com\/portal\/wp-json\/wp\/v2\/comments?post=56972"}],"version-history":[{"count":1,"href":"https:\/\/tvc16.com\/portal\/wp-json\/wp\/v2\/posts\/56972\/revisions"}],"predecessor-version":[{"id":56974,"href":"https:\/\/tvc16.com\/portal\/wp-json\/wp\/v2\/posts\/56972\/revisions\/56974"}],"wp:featuredmedia":[{"embeddable":true,"href":"https:\/\/tvc16.com\/portal\/wp-json\/wp\/v2\/media\/56973"}],"wp:attachment":[{"href":"https:\/\/tvc16.com\/portal\/wp-json\/wp\/v2\/media?parent=56972"}],"wp:term":[{"taxonomy":"category","embeddable":true,"href":"https:\/\/tvc16.com\/portal\/wp-json\/wp\/v2\/categories?post=56972"},{"taxonomy":"post_tag","embeddable":true,"href":"https:\/\/tvc16.com\/portal\/wp-json\/wp\/v2\/tags?post=56972"}],"curies":[{"name":"wp","href":"https:\/\/api.w.org\/{rel}","templated":true}]}}