{"id":56975,"date":"2023-04-07T12:48:54","date_gmt":"2023-04-07T15:48:54","guid":{"rendered":"https:\/\/tvc16.com\/portal\/?p=56975"},"modified":"2023-04-07T12:48:55","modified_gmt":"2023-04-07T15:48:55","slug":"associacao-brasileira-de-imprensa-celebra-115-anos","status":"publish","type":"post","link":"https:\/\/tvc16.com\/portal\/2023\/04\/07\/associacao-brasileira-de-imprensa-celebra-115-anos\/","title":{"rendered":"Associa\u00e7\u00e3o Brasileira de Imprensa celebra 115 anos"},"content":{"rendered":"\n<h3 class=\"wp-block-heading\">Desafios incluem retomar prest\u00edgio do passado e atrair mais s\u00f3cios<\/h3>\n\n\n\n<h4 class=\"wp-block-heading\">Por Rafael Cardoso &#8211; Rep\u00f3rter da Ag\u00eancia Brasil &#8211; Rio de Janeiro<audio src=\"https:\/\/tts-app.ebc.com.br\/media\/tts\/201552.mp3\"><\/audio><\/h4>\n\n\n\n<p>Hoje, dia 7 de abril, a Associa\u00e7\u00e3o Brasileira de Imprensa (ABI) completa 115 anos de exist\u00eancia. Ao longo da hist\u00f3ria centen\u00e1ria, a entidade participou de debates centrais na pol\u00edtica nacional. Corredores e salas do edif\u00edcio-sede, no Rio de Janeiro foram frequentados por intelectuais de diferentes posi\u00e7\u00f5es partid\u00e1rias e ideol\u00f3gicas. E, por isso mesmo,&nbsp;a associa\u00e7\u00e3o&nbsp;teve em seus quadros&nbsp;defensores&nbsp;firmes da liberdade de imprensa, como&nbsp;e&nbsp;aqueles que flertavam&nbsp;com&nbsp;governos autorit\u00e1rios.<\/p>\n\n\n\n<p>A ABI chega a&nbsp;2023 com o desafio de atrair um n\u00famero maior de jornalistas, principalmente os jovens. Pesquisa interna de 2022 mostrou que 89% dos membros tinham mais de 55 anos.&nbsp;\u201cN\u00f3s estamos nesse processo de expandir associados, principalmente jovens que, de alguma forma, n\u00e3o participaram dessa hist\u00f3ria da ABI no Brasil. Esse \u00e9 nosso maior interesse agora, a renova\u00e7\u00e3o\u201d, explica Vitor I\u00f3rio, coordenador da Comiss\u00e3o de Educa\u00e7\u00e3o. \u201cA entidade, devido a essa expans\u00e3o das novas tecnologias, est\u00e1 se tornando verdadeiramente nacional. Antes, ela ficava mais restrita ao Rio de Janeiro, S\u00e3o Paulo e Bras\u00edlia. Mas hoje n\u00f3s temos associados e conselheiros e participantes de norte a sul e de leste a oeste do Brasil\u201d.<\/p>\n\n\n\n<p>Apesar da abrang\u00eancia, o n\u00famero de membros teve queda hist\u00f3rica expressiva. Em uma pesquisa acad\u00eamica, H\u00e9rica Lene, doutora em Comunica\u00e7\u00e3o em Cultura pela Universidade Federal do Rio de Janeiro (UFRJ), indicou que eram 3.880 associados em 1940. Em 2013, cerca de 8.300. Dez anos depois, o n\u00famero est\u00e1 em torno de 700.<\/p>\n\n\n\n<p>O jornalista Oct\u00e1vio Costa foi eleito presidente em 2022, com a vice Regina Pimenta.Ele&nbsp;garante que a entidade vai participar ativamente dos principais debates que envolvem o setor de comunica\u00e7\u00e3o. A meta \u00e9, sobretudo, retomar o prest\u00edgio de outros tempos. Costa listou como principais preocupa\u00e7\u00f5es a volta da exig\u00eancia do diploma de jornalista, a valoriza\u00e7\u00e3o da carteira de trabalho no lugar das contrata\u00e7\u00f5es pelo regime de pessoa jur\u00eddica, o enfrentamento do ass\u00e9dio contra a imprensa e a regulamenta\u00e7\u00e3o das grandes plataformas digitais.<\/p>\n\n\n\n<p>&nbsp;\u201cN\u00f3s estamos em um grupo de trabalho do Minist\u00e9rio da Justi\u00e7a que trata de viol\u00eancia contra jornalistas. Em um outro grupo no Minist\u00e9rio P\u00fablico Federal que trata da quest\u00e3o de ass\u00e9dio judicial contra jornalistas, que s\u00e3o os processos em cascata por crime de opini\u00e3o. E dentro da&nbsp;Advocacia-Geral&nbsp;da Uni\u00e3o foi criada uma Procuradoria Nacional de Defesa da Democracia. A ABI est\u00e1 participando nesse grupo tamb\u00e9m. Ou seja, a ABI est\u00e1 envolvida com todas as grandes quest\u00f5es que envolvem a comunica\u00e7\u00e3o no Brasil\u201d, disse.<\/p>\n\n\n\n<h2 class=\"wp-block-heading\">Funda\u00e7\u00e3o&nbsp;<\/h2>\n\n\n\n<p>A institui\u00e7\u00e3o nasceu em 7 de abril de 1908 como a primeira organiza\u00e7\u00e3o corporativa dos jornalistas no pa\u00eds. O nome inicial era Associa\u00e7\u00e3o de Imprensa. S\u00f3 em 1913 mudaria para Associa\u00e7\u00e3o Brasileira de Imprensa (ABI). Tinha car\u00e1ter essencialmente assistencial: mantinha caixa de pens\u00f5es e aux\u00edlio para s\u00f3cios e familiares, ajuda m\u00e9dica e farmac\u00eautica, servi\u00e7os de enfermaria e resid\u00eancia para idosos. A iniciativa foi liderada pelo jornalista negro e socialista Gustavo de Lacerda, filho de uma mulher que havia sido escravizada. Ele acabou morrendo quase um ano e meio depois da cria\u00e7\u00e3o da institui\u00e7\u00e3o, em setembro de 1909.&nbsp;<\/p>\n\n\n\n<p>Os presidentes seguintes conseguiram manter a entidade em funcionamento, apesar da ades\u00e3o baixa da classe jornal\u00edstica. Um dos motivos era a oposi\u00e7\u00e3o e sabotagem dos donos de jornais. Os anos 1920 e 1930 foram de mudan\u00e7a e de fortalecimento, quando a ABI incorporou outras entidades com prop\u00f3sitos semelhantes, o Clube da Imprensa e a Associa\u00e7\u00e3o de Imprensa Brasileira.&nbsp;<\/p>\n\n\n\n<h2 class=\"wp-block-heading\">Consolida\u00e7\u00e3o&nbsp;<\/h2>\n\n\n\n<p>O principal nome da \u00e9poca foi Herbert Moses, que presidiu a entidade entre 1931 e 1964, quando ela de fato se consolidou como uma institui\u00e7\u00e3o de import\u00e2ncia nacional e ganhou fama como a \u201ccasa do jornalista brasileiro\u201d.<\/p>\n\n\n\n<p>Al\u00e9m de promover congressos e palestras sobre a profiss\u00e3o, a ABI fez campanha pela cria\u00e7\u00e3o de uma escola de jornalismo. O primeiro curso regular do pa\u00eds foi o da Funda\u00e7\u00e3o C\u00e1sper L\u00edbero, em S\u00e3o Paulo, no ano de 1947. No Rio de Janeiro, o curso surgiu em 1948, na ent\u00e3o Faculdade Nacional de Filosofia da Universidade do Brasil (atual UFRJ). Tinha professores indicados pela ABI e recursos financeiros obtidos com a Companhia de Cigarros Souza Cruz, em que Herbert Moses era advogado.&nbsp;<\/p>\n\n\n\n<p>No campo pol\u00edtico, o mandato de Moses foi representativo de um padr\u00e3o ambivalente da ABI. Em dois per\u00edodos de governos autorit\u00e1rios no pa\u00eds, durante o Estado Novo (1937-45) e a Ditadura Militar (1964-1985), estabeleceu a Comiss\u00e3o de Defesa da Liberdade de Imprensa, para denunciar viol\u00eancias contra jornalistas e proteger aqueles que eram perseguidos com apoio jur\u00eddico e financeiro.&nbsp;<\/p>\n\n\n\n<p>Por outro lado, as rela\u00e7\u00f5es com o poder federal sempre foram pr\u00f3ximas e question\u00e1veis. Herbert Moses foi criticado pelos di\u00e1logos frequentes com Get\u00falio Vargas. Internamente, um grupo defendia a ruptura com o ditador no per\u00edodo do Estado Novo. Mas o l\u00edder da ABI alegava ser estrat\u00e9gico estar em contato com o governo para conseguir benef\u00edcios materiais para a entidade e defender jornalistas e empresas de comunica\u00e7\u00e3o.&nbsp;<\/p>\n\n\n\n<p>Essa rela\u00e7\u00e3o foi fundamental para a constru\u00e7\u00e3o da atual sede, no centro do Rio, cujo edif\u00edcio \u00e9 tombado peloInstituto do Patrim\u00f4nio Hist\u00f3rico e Art\u00edstico Nacional&nbsp;(Iphan). As obras duraram entre 1936 e 1939. Moses conseguiu um aux\u00edlio financeiro do governo federal, por meio de um empr\u00e9stimo do Banco do Brasil, no valor de 13 mil contos de r\u00e9is. Get\u00falio Vargas recebeu o t\u00edtulo de s\u00f3cio benem\u00e9rito e Presidente de Honra da Casa.&nbsp;<\/p>\n\n\n\n<h2 class=\"wp-block-heading\">Ditadura Militar&nbsp;<\/h2>\n\n\n\n<p>Quando outro golpe aconteceu, em 1964, a ABI n\u00e3o apoiou formalmente o regime militar, como fizeram inicialmente aOrdem dos Advogados do Brasil&nbsp;(OAB e aConfer\u00eancia Nacional dos Bispos do Brasil(CNBB). Mas manteve uma postura ambivalente, segundo estudo da historiadora Denise Rollemberg, professora da Universidade Federal Fluminense (UFF). Ela pesquisou atas das Reuni\u00f5es Ordin\u00e1rias e Extraordin\u00e1rias e do Boletim do Conselho Administrativo da ABI. A conclus\u00e3o \u00e9 que a entidade se dividiu em posi\u00e7\u00f5es de apoio e rejei\u00e7\u00e3o \u00e0 ditadura. Enquanto combatia pris\u00f5es e protegia jornalistas, celebrava o governo com homenagens e banquetes.&nbsp;<\/p>\n\n\n\n<p>Celso Kelly, presidente da ABI em 1965, manteve di\u00e1logo direto com os militares. Em uma ata de 19 de outubro de 1965 est\u00e1 registrado um debate na entidade sobre a interven\u00e7\u00e3o do Minist\u00e9rio do Trabalho no Sindicato dos Jornalistas. Kelly era a favor, mas recuou com a oposi\u00e7\u00e3o de outros conselheiros. Meses depois, renunciaria ao cargo e assumiria a dire\u00e7\u00e3o do Departamento Nacional de Ensino, do Minist\u00e9rio da Educa\u00e7\u00e3o.&nbsp;<\/p>\n\n\n\n<p>Na comemora\u00e7\u00e3o dos 60 anos da ABI, em abril de 1968, o presidente militar Costa e Silva recebeu homenagem na entidade, proposta pelo presidente \u00e0 \u00e9poca, Danton Jobim. Com a mudan\u00e7a no comando da ditadura militar, Em\u00edlio Garrastazu M\u00e9dici foi saudado em um telegrama oficial da ABI enviado por Jobim. O texto fala em coincid\u00eancia de posi\u00e7\u00f5es e aspira\u00e7\u00f5es, e celebra a exist\u00eancia no pa\u00eds de \u201cum aut\u00eantico sistema democr\u00e1tico-representativo\u201d. Tamb\u00e9m emblem\u00e1tica foi a elei\u00e7\u00e3o de Adonias Filho, que havia apoiado o golpe e a ditadura, para presidente da institui\u00e7\u00e3o entre 1972 e 1974.&nbsp;<\/p>\n\n\n\n<p>Pesquisa do historiador Leonardo Fetter da Silva, mestre pela Pontif\u00edcia Universidade Cat\u00f3lica do Rio Grande do Sul (PUCRS), refor\u00e7a que s\u00f3 a partir de meados dos anos 1970 membros e conselheiros da entidade passaram a ser mais coesos na resist\u00eancia democr\u00e1tica. No anivers\u00e1rio da institui\u00e7\u00e3o em 1975, o ent\u00e3o presidente Elmano Cruz disse que a liberdade de imprensa era um \u201cmito\u201d no Brasil e criticou as frequentes viola\u00e7\u00f5es dos direitos humanos.&nbsp;<\/p>\n\n\n\n<p>O presidente seguinte, Prudente de Morais Neto, condenou publicamente o assassinato do jornalista Vladimir Herzog nas depend\u00eancias do DOI-CODI (Destacamento de Opera\u00e7\u00f5es e Informa\u00e7\u00f5es-Centro de Opera\u00e7\u00f5es e Defesa Interna) em S\u00e3o Paulo, no ano de 1975. Tais posturas podem ter contribu\u00eddo para a ABI virar um alvo de setores extremistas da direita pr\u00f3-regime. Em 1976, o edif\u00edcio-sede sofreu um atentado a bomba e todo o 7\u00ba andar foi destru\u00eddo.&nbsp;<\/p>\n\n\n\n<h2 class=\"wp-block-heading\">Per\u00edodo democr\u00e1tico&nbsp;<\/h2>\n\n\n\n<p>Na d\u00e9cada de 1980, a ABI defendeu abertamente a campanha das \u201cDiretas J\u00e1\u201d, que pedia elei\u00e7\u00f5es diretas para a presid\u00eancia da Rep\u00fablica. Em agosto de 1988, intelectuais, parlamentares e movimentos da sociedade civil se reuniram no audit\u00f3rio da ABI para defender o monop\u00f3lio estatal do Petr\u00f3leo e a nacionaliza\u00e7\u00e3o das riquezas mineiras. O ato foi liderado pelo ent\u00e3o presidente Barbosa Lima Sobrinho.&nbsp;<\/p>\n\n\n\n<p>O mesmo Barbosa Lima Sobrinho apresentou \u00e0 C\u00e2mara dos Deputados em Bras\u00edlia o pedido de impeachment do presidente Fernando Collor de Mello em setembro de 1992. O documento tamb\u00e9m contava com a assinatura de Marcelo Laven\u00e8re, presidente da OAB. O pedido seria aprovado e Collor afastado do cargo.&nbsp;<\/p>\n\n\n\n<h2 class=\"wp-block-heading\">Semana de Jornalismo&nbsp;<\/h2>\n\n\n\n<p>No m\u00eas de mar\u00e7o, a ABI organizou a 1\u00aa Semana Nacional de Jornalismo, evento que pretendeu debater quest\u00f5es atuais da profiss\u00e3o em \u00e2mbito nacional. Participaram 76 profissionais da \u00e1rea em discuss\u00f5es sobre ensino, plataformas digitais, papel do rep\u00f3rter, \u00e9tica, m\u00eddias independentes e papel pol\u00edtico da imprensa. Uma das mesas tratou sobre o tema da diversidade na comunica\u00e7\u00e3o e a import\u00e2ncia de aumentar o n\u00famero de profissionais negros. Pauta que conecta passado e futuro. \u00c9 considerada central para os novos rumos que a entidade pretende seguir. E recupera, ao mesmo tempo, o legado do fundador Gustavo Lacerda.&nbsp;<\/p>\n\n\n\n<p>\u201cA ABI est\u00e1 comprometida com a diversidade. E demorou 115 anos, mas n\u00f3s conseguimos estabelecer atrav\u00e9s do movimento &#8216;Luta pela ABI Democracia&#8217; a diretoria de Igualdade \u00c9tnico-Racial. Precisamos fazer trabalhos no campo da mem\u00f3ria e hist\u00f3ria. E estamos fazendo parcerias com institui\u00e7\u00f5es de ensino para poder aprofundar e melhorar a qualidade desse trabalho\u201d, disse Marcos Gomes, coordenador da Comiss\u00e3o de Igualdade \u00c9tnico-Racial da ABI. \u201c\u00c9 um campo de trabalho muito amplo que a gente tem pela frente. N\u00f3s estamos apenas no come\u00e7o, mas esse trabalho vai ficar por mais 115 anos. Esse \u00e9 o nosso sonho e desejo\u201d.&nbsp;<\/p>\n\n\n\n<p>Edi\u00e7\u00e3o: Claudia Felczak<\/p>\n","protected":false},"excerpt":{"rendered":"<p>Desafios incluem retomar prest\u00edgio do passado e atrair mais s\u00f3cios Por Rafael Cardoso &#8211; Rep\u00f3rter<\/p>\n","protected":false},"author":2,"featured_media":56976,"comment_status":"open","ping_status":"open","sticky":false,"template":"","format":"standard","meta":{"footnotes":""},"categories":[17],"tags":[],"class_list":["post-56975","post","type-post","status-publish","format-standard","has-post-thumbnail","hentry","category-outras-noticias"],"_links":{"self":[{"href":"https:\/\/tvc16.com\/portal\/wp-json\/wp\/v2\/posts\/56975","targetHints":{"allow":["GET"]}}],"collection":[{"href":"https:\/\/tvc16.com\/portal\/wp-json\/wp\/v2\/posts"}],"about":[{"href":"https:\/\/tvc16.com\/portal\/wp-json\/wp\/v2\/types\/post"}],"author":[{"embeddable":true,"href":"https:\/\/tvc16.com\/portal\/wp-json\/wp\/v2\/users\/2"}],"replies":[{"embeddable":true,"href":"https:\/\/tvc16.com\/portal\/wp-json\/wp\/v2\/comments?post=56975"}],"version-history":[{"count":1,"href":"https:\/\/tvc16.com\/portal\/wp-json\/wp\/v2\/posts\/56975\/revisions"}],"predecessor-version":[{"id":56977,"href":"https:\/\/tvc16.com\/portal\/wp-json\/wp\/v2\/posts\/56975\/revisions\/56977"}],"wp:featuredmedia":[{"embeddable":true,"href":"https:\/\/tvc16.com\/portal\/wp-json\/wp\/v2\/media\/56976"}],"wp:attachment":[{"href":"https:\/\/tvc16.com\/portal\/wp-json\/wp\/v2\/media?parent=56975"}],"wp:term":[{"taxonomy":"category","embeddable":true,"href":"https:\/\/tvc16.com\/portal\/wp-json\/wp\/v2\/categories?post=56975"},{"taxonomy":"post_tag","embeddable":true,"href":"https:\/\/tvc16.com\/portal\/wp-json\/wp\/v2\/tags?post=56975"}],"curies":[{"name":"wp","href":"https:\/\/api.w.org\/{rel}","templated":true}]}}