{"id":56979,"date":"2023-04-07T14:06:59","date_gmt":"2023-04-07T17:06:59","guid":{"rendered":"https:\/\/tvc16.com\/portal\/?p=56979"},"modified":"2023-04-07T14:08:38","modified_gmt":"2023-04-07T17:08:38","slug":"ultimo-dia-da-feira-do-pescado-em-petropolis-registra-alta-no-movimento","status":"publish","type":"post","link":"https:\/\/tvc16.com\/portal\/2023\/04\/07\/ultimo-dia-da-feira-do-pescado-em-petropolis-registra-alta-no-movimento\/","title":{"rendered":"\u00daltimo dia da Feira do Pescado em Petr\u00f3polis registra alta no movimento"},"content":{"rendered":"\n<p>Foram quase 70 toneladas de alimentos e onze tipos de pescado comercializados durante os tr\u00eas dias da tradicional feira do pescado, que antecede a Semana Santa. Nesta sexta-feira (07), as 25 barracas na Rua Visconde de Souza Franco, no Centro de Petr\u00f3polis ficaram movimentadas. <\/p>\n\n\n\n<p>Quem deixou para comprar os peixes de \u00faltima hora, como a dona de casa Maria Gl\u00f3ria, se surpreendeu com a qualidade dos produtos. \u201cVale a pena pagar um pouco mais caro para comprar produtos de qualidade. Aqui a gente consegue ver que est\u00e1 tudo fresquinho, limpo, s\u00e3o peixes melhores\u201d, explicou.<\/p>\n\n\n\n<p>A cabelereira Jussara Tr\u00e9 tamb\u00e9m saiu de casa cedo para comprar um peixe cavalinha para comer com camar\u00e3o, e garante que al\u00e9m de um produto de qualidade \u00e9 muito importante apoiar o com\u00e9rcio local. \u201cO petropolitano deve prestigiar os comerciantes locais, com a sociedade unida conseguimos nos reerguer muito mais f\u00e1cil. Para o munic\u00edpio \u00e9 extremamente importante essa movimenta\u00e7\u00e3o na economia\u201d, disse.<\/p>\n\n\n\n<p>Desde a quarta-feira (05) a prefeitura deu o suporte aos feirantes com as barracas, limpeza e pontos de \u00e1gua. Os comerciantes ainda contaram com a orienta\u00e7\u00e3o da vigil\u00e2ncia sanit\u00e1ria para o manuseio correto do pescado.<\/p>\n\n\n\n<p>Durante toda Feira do Pescado, o Procon de Petr\u00f3polis realizou a\u00e7\u00f5es itinerantes para fiscalizar a qualidade dos produtos. Entre os itens analisados est\u00e3o: os pre\u00e7os, se estavam afixados em local vis\u00edvel; a utiliza\u00e7\u00e3o de equipamentos de higiene como toucas e luvas; o acondicionamento dos peixes e a aten\u00e7\u00e3o para o momento da pesagem.<\/p>\n\n\n\n<p>O feirante Guilherme da Silva comemorou que durante os tr\u00eas dias n\u00e3o houve chuva. \u201cGra\u00e7as a Deus o resultado foi positivo e sem a chuva ficou mais f\u00e1cil de trabalhar, o p\u00fablico teve uma flexibilidade maior no hor\u00e1rio sem nenhuma preocupa\u00e7\u00e3o\u201d, respondeu.<\/p>\n\n\n\n<p>No \u00faltimo dia os petropolitanos puderam adquirir os produtos entre as 06h \u00e0s 14h. E apesar dos resultados n\u00e3o serem superiores aos de 2022, Andreia Rocha, que tamb\u00e9m \u00e9 feirante ficou feliz com as vendas realizadas. \u201cDeu tudo certo! Espero que nos pr\u00f3ximos dias o resultado seja igual ou superior \u00e0 2023. Queria agradecer a toda popula\u00e7\u00e3o, para que ano que vem eles venham nos prestigiar novamente\u201d, finalizou Andreia.<\/p>\n\n\n\n<figure class=\"wp-block-image size-large\"><img loading=\"lazy\" decoding=\"async\" width=\"1024\" height=\"575\" src=\"https:\/\/tvc16.com\/portal\/wp-content\/uploads\/2023\/04\/WhatsApp-Image-2023-04-07-at-13.45.29-1024x575.jpeg\" alt=\"\" class=\"wp-image-56980\" srcset=\"https:\/\/tvc16.com\/portal\/wp-content\/uploads\/2023\/04\/WhatsApp-Image-2023-04-07-at-13.45.29-1024x575.jpeg 1024w, https:\/\/tvc16.com\/portal\/wp-content\/uploads\/2023\/04\/WhatsApp-Image-2023-04-07-at-13.45.29-300x168.jpeg 300w, https:\/\/tvc16.com\/portal\/wp-content\/uploads\/2023\/04\/WhatsApp-Image-2023-04-07-at-13.45.29-768x431.jpeg 768w, https:\/\/tvc16.com\/portal\/wp-content\/uploads\/2023\/04\/WhatsApp-Image-2023-04-07-at-13.45.29.jpeg 1510w\" sizes=\"auto, (max-width: 1024px) 100vw, 1024px\" \/><\/figure>\n\n\n\n<p>Por Gabriel Faxola<\/p>\n","protected":false},"excerpt":{"rendered":"<p>Foram quase 70 toneladas de alimentos e onze tipos de pescado comercializados durante os tr\u00eas<\/p>\n","protected":false},"author":2,"featured_media":56982,"comment_status":"open","ping_status":"open","sticky":false,"template":"","format":"standard","meta":{"footnotes":""},"categories":[12],"tags":[],"class_list":["post-56979","post","type-post","status-publish","format-standard","has-post-thumbnail","hentry","category-cidade"],"_links":{"self":[{"href":"https:\/\/tvc16.com\/portal\/wp-json\/wp\/v2\/posts\/56979","targetHints":{"allow":["GET"]}}],"collection":[{"href":"https:\/\/tvc16.com\/portal\/wp-json\/wp\/v2\/posts"}],"about":[{"href":"https:\/\/tvc16.com\/portal\/wp-json\/wp\/v2\/types\/post"}],"author":[{"embeddable":true,"href":"https:\/\/tvc16.com\/portal\/wp-json\/wp\/v2\/users\/2"}],"replies":[{"embeddable":true,"href":"https:\/\/tvc16.com\/portal\/wp-json\/wp\/v2\/comments?post=56979"}],"version-history":[{"count":3,"href":"https:\/\/tvc16.com\/portal\/wp-json\/wp\/v2\/posts\/56979\/revisions"}],"predecessor-version":[{"id":56985,"href":"https:\/\/tvc16.com\/portal\/wp-json\/wp\/v2\/posts\/56979\/revisions\/56985"}],"wp:featuredmedia":[{"embeddable":true,"href":"https:\/\/tvc16.com\/portal\/wp-json\/wp\/v2\/media\/56982"}],"wp:attachment":[{"href":"https:\/\/tvc16.com\/portal\/wp-json\/wp\/v2\/media?parent=56979"}],"wp:term":[{"taxonomy":"category","embeddable":true,"href":"https:\/\/tvc16.com\/portal\/wp-json\/wp\/v2\/categories?post=56979"},{"taxonomy":"post_tag","embeddable":true,"href":"https:\/\/tvc16.com\/portal\/wp-json\/wp\/v2\/tags?post=56979"}],"curies":[{"name":"wp","href":"https:\/\/api.w.org\/{rel}","templated":true}]}}