{"id":5699,"date":"2020-11-15T13:35:30","date_gmt":"2020-11-15T16:35:30","guid":{"rendered":"https:\/\/tvc16.com\/portal\/?p=5699"},"modified":"2020-11-15T13:35:33","modified_gmt":"2020-11-15T16:35:33","slug":"eleitores-relatam-dificuldades-para-justificar-voto-pelo-e-titulo","status":"publish","type":"post","link":"https:\/\/tvc16.com\/portal\/2020\/11\/15\/eleitores-relatam-dificuldades-para-justificar-voto-pelo-e-titulo\/","title":{"rendered":"Eleitores relatam dificuldades para justificar voto pelo e-t\u00edtulo"},"content":{"rendered":"\n<h2 class=\"wp-block-heading\">Para TSE instabilidade \u00e9 normal<\/h2>\n\n\n\n<h4 class=\"wp-block-heading\">Por Karine Melo &#8211; Rep\u00f3rter Ag\u00eancia Brasil &#8211; Bras\u00edlia<\/h4>\n\n\n\n<p>Instabilidades pelo grande n\u00famero de acesso tem trazido transtorno a alguns eleitores que tentam justificar o voto neste domingo (15), pelo&nbsp;<a href=\"https:\/\/www.tse.jus.br\/eleitor\/servicos\/aplicativo-e-titulo\" target=\"_blank\" rel=\"noreferrer noopener\">aplicativo e-T\u00edtulo<\/a>. Segundo o Tribunal Superior Eleitoral (TSE), &#8220;pode haver instabilidade moment\u00e2nea no uso do aplicativo em raz\u00e3o do excesso de acessos.&#8221;<img decoding=\"async\" src=\"https:\/\/agenciabrasil.ebc.com.br\/ebc.png?id=1393360&amp;o=node\"><img decoding=\"async\" src=\"https:\/\/agenciabrasil.ebc.com.br\/ebc.gif?id=1393360&amp;o=node\"><\/p>\n\n\n\n<p>Este ano o aplicativo teve 12,8 milh\u00f5es de&nbsp;<em>downloads<\/em>, a orienta\u00e7\u00e3o da Justi\u00e7a Eleitoral nesses casos \u00e9 esperar um pouco e tentar novamente o acesso. Apesar dos problemas, no \u00faltimo balan\u00e7o divulgado at\u00e9 o fechamento dessa reportagem, cerca de 400 mil eleitores j\u00e1 haviam justificado aus\u00eancia pelo aplicativo, conforme o \u00f3rg\u00e3o. Para justificar, \u00e9 preciso estar fora do domic\u00edlio eleitoral e o aplicativo faz a verifica\u00e7\u00e3o por georreferenciamento.<\/p>\n\n\n\n<p>No Twitter e pelo Facebook do TSE os relatos sobre o problema s\u00e3o muitos. &#8220;Estou desde a abertura da vota\u00e7\u00e3o tentando justificar meu voto, mas na tela s\u00f3 aparece essa mensagem de erro&#8221;, relatou uma eleitora. &#8220;N\u00e3o consigo justificar meu voto, o\u00a0<em>app<\/em>\u00a0n\u00e3o acessa a minha localiza\u00e7\u00e3o&#8221;, disse outro.<\/p>\n\n\n\n<p>Edi\u00e7\u00e3o: Val\u00e9ria Aguiar<\/p>\n","protected":false},"excerpt":{"rendered":"<p>Para TSE instabilidade \u00e9 normal Por Karine Melo &#8211; Rep\u00f3rter Ag\u00eancia Brasil &#8211; Bras\u00edlia Instabilidades<\/p>\n","protected":false},"author":2,"featured_media":5700,"comment_status":"open","ping_status":"open","sticky":false,"template":"","format":"standard","meta":{"footnotes":""},"categories":[15],"tags":[],"class_list":["post-5699","post","type-post","status-publish","format-standard","has-post-thumbnail","hentry","category-politica"],"_links":{"self":[{"href":"https:\/\/tvc16.com\/portal\/wp-json\/wp\/v2\/posts\/5699","targetHints":{"allow":["GET"]}}],"collection":[{"href":"https:\/\/tvc16.com\/portal\/wp-json\/wp\/v2\/posts"}],"about":[{"href":"https:\/\/tvc16.com\/portal\/wp-json\/wp\/v2\/types\/post"}],"author":[{"embeddable":true,"href":"https:\/\/tvc16.com\/portal\/wp-json\/wp\/v2\/users\/2"}],"replies":[{"embeddable":true,"href":"https:\/\/tvc16.com\/portal\/wp-json\/wp\/v2\/comments?post=5699"}],"version-history":[{"count":1,"href":"https:\/\/tvc16.com\/portal\/wp-json\/wp\/v2\/posts\/5699\/revisions"}],"predecessor-version":[{"id":5701,"href":"https:\/\/tvc16.com\/portal\/wp-json\/wp\/v2\/posts\/5699\/revisions\/5701"}],"wp:featuredmedia":[{"embeddable":true,"href":"https:\/\/tvc16.com\/portal\/wp-json\/wp\/v2\/media\/5700"}],"wp:attachment":[{"href":"https:\/\/tvc16.com\/portal\/wp-json\/wp\/v2\/media?parent=5699"}],"wp:term":[{"taxonomy":"category","embeddable":true,"href":"https:\/\/tvc16.com\/portal\/wp-json\/wp\/v2\/categories?post=5699"},{"taxonomy":"post_tag","embeddable":true,"href":"https:\/\/tvc16.com\/portal\/wp-json\/wp\/v2\/tags?post=5699"}],"curies":[{"name":"wp","href":"https:\/\/api.w.org\/{rel}","templated":true}]}}