{"id":56994,"date":"2023-04-09T09:00:00","date_gmt":"2023-04-09T12:00:00","guid":{"rendered":"https:\/\/tvc16.com\/portal\/?p=56994"},"modified":"2023-04-07T17:46:50","modified_gmt":"2023-04-07T20:46:50","slug":"vacina-contra-a-gripe-influenza-comeca-a-ser-aplicada-nos-grupos-prioritarios-na-proxima-segunda-2","status":"publish","type":"post","link":"https:\/\/tvc16.com\/portal\/2023\/04\/09\/vacina-contra-a-gripe-influenza-comeca-a-ser-aplicada-nos-grupos-prioritarios-na-proxima-segunda-2\/","title":{"rendered":"Vacina contra a gripe Influenza come\u00e7a a ser aplicada nos grupos priorit\u00e1rios na pr\u00f3xima segunda"},"content":{"rendered":"\n<p>A 25\u00aa Campanha Nacional de Imuniza\u00e7\u00e3o contra a influenza come\u00e7a na pr\u00f3xima segunda-feira (10). Em Petr\u00f3polis, a previs\u00e3o \u00e9 de vacinar 134.163 pessoas que comp\u00f5em o grupo priorit\u00e1rio, como crian\u00e7as de seis meses a menores de seis anos, homens e mulheres acima dos 60 anos, gestantes e pu\u00e9rperas. A Prefeitura, por meio da Secretaria de Sa\u00fade, j\u00e1 est\u00e1 organizada para receber todo o p\u00fablico alvo.<\/p>\n\n\n\n<p>A aplica\u00e7\u00e3o das doses come\u00e7a na segunda (10), nas 13 salas de vacina\u00e7\u00e3o do munic\u00edpio e na ter\u00e7a-feira (11), ela tamb\u00e9m estar\u00e1 dispon\u00edvel nos PSFs das comunidades.<\/p>\n\n\n\n<p>\u201cRecebemos as doses e j\u00e1 nos organizamos para dar in\u00edcio a campanha. A meta \u00e9 alcan\u00e7armos, pelo menos, 90% de todo o grupo priorit\u00e1rio. Vale lembrar que n\u00e3o \u00e9 necess\u00e1rio intervalo para receber as doses da bivalente contra a covid-19 e a da gripe. Ambas s\u00e3o doen\u00e7as que continuam sendo amea\u00e7as para a sa\u00fade p\u00fablica, especialmente para as pessoas n\u00e3o vacinadas\u201d, frisa o prefeito Rubens Bomtempo.<\/p>\n\n\n\n<p>Tamb\u00e9m integram o grupo priorit\u00e1rio, os povos ind\u00edgenas, trabalhadores da sa\u00fade, professores das escolas p\u00fablicas e privadas, pessoas com doen\u00e7as cr\u00f4nicas n\u00e3o transmiss\u00edveis e outras condi\u00e7\u00f5es cl\u00ednicas especiais. As pessoas com defici\u00eancia permanente, profissionais das for\u00e7as de seguran\u00e7a e salvamento e das for\u00e7as armadas, caminhoneiros, trabalhadores de transporte coletivo rodovi\u00e1rio de passageiros urbano e de longo curso, tamb\u00e9m devem se vacinar, assim como trabalhadores portu\u00e1rios, funcion\u00e1rios do sistema prisional, adolescentes e jovens de 12 a 21 anos de idade sob medidas socioeducativas e popula\u00e7\u00e3o privada de liberdade.<\/p>\n\n\n\n<p>\u201cVamos realizar dois Dias D da campanha nos s\u00e1bados dos dias 15 de abril e 6 de maio. Queremos facilitar o acesso da popula\u00e7\u00e3o e garantir que o imunizante chegue a todo o grupo priorit\u00e1rio. A vacina \u00e9 essencial para proteger a nossa popula\u00e7\u00e3o. Isso porque, al\u00e9m dos sintomas serem parecidos com o da covid-19, os casos de influenza tamb\u00e9m podem variar de quadros leves a graves, inclusive, levar ao \u00f3bito\u201d, explica o secret\u00e1rio de Sa\u00fade, Marcus Curvelo.<\/p>\n\n\n\n<p>Nesta segunda (10) vacina estar\u00e1 sendo aplicada nos seguintes locais<\/p>\n\n\n\n<p>UBS QUITANDINHA<br>8h30 \u00e0s 19h segunda a sexta<br>UBS MORIN<br>8h30 \u00e0s 16h30 segunda a sexta<br>UBS MOSELA<br>8h30 \u00e0s 19h segunda a sexta<br>UBS ARARAS<br>7h30 \u00e0s 15h30 segunda a sexta<br>UBS PEDRO DO RIO<br>8h \u00e0s 16h segunda a sexta<br>UBS ITAIPAVA<br>8h30 \u00e0s 16h30 segunda e sexta<br>8h30 \u00e0s 19h ter\u00e7a, quarta e quinta<br>UBS ALTO INDEPEND\u00caNCIA<br>8h30 \u00e0s 16h30 segunda a sexta<br>CENTRO DE SA\u00daDE COLETIVA<br>8h \u00e0s 16h30 ter\u00e7a, quinta e sexta<br>8h \u00e0s 16h30 e das 17h\u00e0s 19h30 segunda e quarta<br>CENTRO DE SA\u00daDE ITAMARATI<br>8h30 \u00e0s 19h30 segunda a sexta<br>PSF ALTO DA SERRA<br>8h30 \u00e0s 16h ter\u00e7a e sexta<br>8h30 \u00e0s 19h30 segunda, quarta e quinta<br>PSF POSSE<br>8h \u00e0s 16h segunda a sexta<br>AMBULAT\u00d3RIO ESCOLA- FMP\/FASE<br>8h \u00e0s 16h segunda a sexta<br>AMBULAT\u00d3RIO HOSPITAL ALCIDES CARNEIRO<br>8h30 \u00e0s 16h30 segunda a sexta<\/p>\n","protected":false},"excerpt":{"rendered":"<p>A 25\u00aa Campanha Nacional de Imuniza\u00e7\u00e3o contra a influenza come\u00e7a na pr\u00f3xima segunda-feira (10). Em<\/p>\n","protected":false},"author":2,"featured_media":56995,"comment_status":"open","ping_status":"open","sticky":false,"template":"","format":"standard","meta":{"footnotes":""},"categories":[264,17,13],"tags":[],"class_list":["post-56994","post","type-post","status-publish","format-standard","has-post-thumbnail","hentry","category-destaque","category-outras-noticias","category-saude"],"_links":{"self":[{"href":"https:\/\/tvc16.com\/portal\/wp-json\/wp\/v2\/posts\/56994","targetHints":{"allow":["GET"]}}],"collection":[{"href":"https:\/\/tvc16.com\/portal\/wp-json\/wp\/v2\/posts"}],"about":[{"href":"https:\/\/tvc16.com\/portal\/wp-json\/wp\/v2\/types\/post"}],"author":[{"embeddable":true,"href":"https:\/\/tvc16.com\/portal\/wp-json\/wp\/v2\/users\/2"}],"replies":[{"embeddable":true,"href":"https:\/\/tvc16.com\/portal\/wp-json\/wp\/v2\/comments?post=56994"}],"version-history":[{"count":1,"href":"https:\/\/tvc16.com\/portal\/wp-json\/wp\/v2\/posts\/56994\/revisions"}],"predecessor-version":[{"id":56996,"href":"https:\/\/tvc16.com\/portal\/wp-json\/wp\/v2\/posts\/56994\/revisions\/56996"}],"wp:featuredmedia":[{"embeddable":true,"href":"https:\/\/tvc16.com\/portal\/wp-json\/wp\/v2\/media\/56995"}],"wp:attachment":[{"href":"https:\/\/tvc16.com\/portal\/wp-json\/wp\/v2\/media?parent=56994"}],"wp:term":[{"taxonomy":"category","embeddable":true,"href":"https:\/\/tvc16.com\/portal\/wp-json\/wp\/v2\/categories?post=56994"},{"taxonomy":"post_tag","embeddable":true,"href":"https:\/\/tvc16.com\/portal\/wp-json\/wp\/v2\/tags?post=56994"}],"curies":[{"name":"wp","href":"https:\/\/api.w.org\/{rel}","templated":true}]}}