{"id":56997,"date":"2023-04-08T08:00:00","date_gmt":"2023-04-08T11:00:00","guid":{"rendered":"https:\/\/tvc16.com\/portal\/?p=56997"},"modified":"2023-04-07T18:04:59","modified_gmt":"2023-04-07T21:04:59","slug":"orgao-federal-suspende-por-90-dias-instalacao-de-megaprojeto-turistico-em-boipeba","status":"publish","type":"post","link":"https:\/\/tvc16.com\/portal\/2023\/04\/08\/orgao-federal-suspende-por-90-dias-instalacao-de-megaprojeto-turistico-em-boipeba\/","title":{"rendered":"\u00d3rg\u00e3o federal suspende por 90 dias instala\u00e7\u00e3o de megaprojeto tur\u00edstico em Boipeba"},"content":{"rendered":"\n<p>A Secretaria de Patrim\u00f4nio da Uni\u00e3o, vinculada ao Minist\u00e9rio da Gest\u00e3o e da Inova\u00e7\u00e3o em Servi\u00e7os P\u00fablicos, paralisou o processo de instala\u00e7\u00e3o de um megaempreendimento tur\u00edstico na ilha de Boipeba, em Cairu, na Bahia.<\/p>\n\n\n\n<p>O projeto, que deve ocupar uma \u00e1rea de 1.651 hectares de mata atl\u00e2ntica, \u00e9 alvo de protestos das comunidades locais, que reivindicam que na regi\u00e3o vivem povos tradicionais.<\/p>\n\n\n\n<p>Em despacho assinado pelo secret\u00e1rio, L\u00facio Geraldo de Andrade, enviado nesta quinta-feira (6) \u00e0 empresa Mangaba Cultivo de Coco, a SPU suspende por 90 dias os efeitos da &#8220;transfer\u00eancia de titularidade&#8221; da propriedade at\u00e9 que sejam esclarecidos &#8220;os poss\u00edveis v\u00edcios do processo&#8221;.<\/p>\n\n\n\n<p>A regi\u00e3o \u00e9 uma \u00e1rea p\u00fablica federal e a titularidade foi transferida para a Mangaba, respons\u00e1vel pela obra, em abril do ano passado. Andrade assumiu o posto no final de fevereiro deste ano. Ele \u00e9 advogado, foi servidor de carreira do Incra (Instituto Nacional de Coloniza\u00e7\u00e3o e Reforma Agr\u00e1ria) entre 1982 e 2005 e passou pelo Minist\u00e9rio da Pesca de 2008 a 2012.<\/p>\n\n\n\n<p>A secretaria determina, ainda, que n\u00e3o seja executada qualquer obra ou benfeitoria no local at\u00e9 que se apure se o empreendimento &#8220;atende \u00e0 legisla\u00e7\u00e3o patrimonial&#8221; e que seja publicada uma portaria que delimite o per\u00edmetro do territ\u00f3rio tradicional da comunidade de Cova da On\u00e7a.<\/p>\n\n\n\n<p>Procurado, o s\u00f3cio gestor do projeto, Marcelo Stallone, se pronunciou em nota afirmando que a empresa prima &#8220;pelo cumprimento irrestrito da legisla\u00e7\u00e3o e do devido processo legal&#8221; e que buscar\u00e1 &#8220;demonstrar a regularidade da ocupa\u00e7\u00e3o da \u00e1rea pela Mangaba&#8221;.<\/p>\n\n\n\n<p>&#8220;Esperamos que tudo seja resolvido o mais r\u00e1pido poss\u00edvel, em observ\u00e2ncia ao direito de todos&#8221;, conclui.<br>A licen\u00e7a para o empreendimento foi concedida pelo Inema (Instituto do Meio Ambiente e Recursos H\u00eddricos) no in\u00edcio de mar\u00e7o e prev\u00ea que sejam constru\u00eddos um condom\u00ednio residencial com 67 lotes, duas pousadas (uma com 25 quartos e outra com 25 casas), infraestrutura vi\u00e1ria, p\u00eder e pista de pouso.<br>A \u00e1rea total (1.651 hectares) equivale \u00e0 de dez parques Ibirapuera, em S\u00e3o Paulo.<\/p>\n\n\n\n<p>Tamb\u00e9m foi autorizado o uso de dois lotes para atividades de interesse social, como centro cultural, equipamento esportivo e esta\u00e7\u00e3o de tratamento de res\u00edduos.<\/p>\n\n\n\n<p>O projeto \u00e9 alvo de uma a\u00e7\u00e3o do MPF (Minist\u00e9rio P\u00fablico Federal) na Bahia, que questiona os impactos do empreendimento para a comunidade local, j\u00e1 que a regi\u00e3o est\u00e1 em processo de reconhecimento como reserva de comunidades tradicionais. O \u00f3rg\u00e3o pede que a licen\u00e7a ambiental seja revogada e afirma que a atua\u00e7\u00e3o do Inema \u00e9 obst\u00e1culo ao modo de vida das comunidades tradicionais.<\/p>\n\n\n\n<p>\u00c0 \u00e9poca da a\u00e7\u00e3o do MPF, a Mangaba disse que o projeto foi submetido a diversos \u00f3rg\u00e3os p\u00fablicos e que a licen\u00e7a est\u00e1 vinculada ao cumprimento de 59 condicionantes socioambientais.<\/p>\n\n\n\n<p>Afirmou, ainda, que o projeto Fazenda Ponta dos Castelhanos prev\u00ea constru\u00e7\u00f5es em menos de 2% da \u00e1rea total da propriedade, e supress\u00e3o vegetal em 0,17%, o que garantiria &#8220;a preserva\u00e7\u00e3o naturalmente da APA das Ilhas de Tinhar\u00e9-Boipeba&#8221;.<\/p>\n\n\n\n<p>O Inema se manifestou em nota sobre o despacho da SPU reafirmando &#8220;a corre\u00e7\u00e3o e a lisura da licen\u00e7a ambiental emitida&#8221; e ressaltando que &#8220;o empreendimento foi licenciado com base na lei&#8221;.<\/p>\n\n\n\n<p>&#8220;Importante esclarecer que o Ato de Registro Imobili\u00e1rio Patrimonial na SPU \u00e9 de 2008, quando foi reconhecida a ocupa\u00e7\u00e3o, e somente agora, 15 anos depois, est\u00e1 sendo revisto para apurar poss\u00edveis v\u00edcios no processo&#8221;, diz o texto.<\/p>\n\n\n\n<p>O \u00f3rg\u00e3o tamb\u00e9m afirma que a licen\u00e7a concedida j\u00e1 previa a restri\u00e7\u00e3o ao in\u00edcio de interven\u00e7\u00f5es at\u00e9 que fosse emitido o termo que delimita a \u00e1rea destinada \u00e0 comunidade da Cova da On\u00e7a.<\/p>\n\n\n\n<p>Uma audi\u00eancia p\u00fablica sobre o caso est\u00e1 prevista para o dia 18 de abril, na Assembleia Legislativa da Bahia.<\/p>\n","protected":false},"excerpt":{"rendered":"<p>A Secretaria de Patrim\u00f4nio da Uni\u00e3o, vinculada ao Minist\u00e9rio da Gest\u00e3o e da Inova\u00e7\u00e3o em<\/p>\n","protected":false},"author":2,"featured_media":56998,"comment_status":"open","ping_status":"open","sticky":false,"template":"","format":"standard","meta":{"footnotes":""},"categories":[21,264,17],"tags":[],"class_list":["post-56997","post","type-post","status-publish","format-standard","has-post-thumbnail","hentry","category-cultura","category-destaque","category-outras-noticias"],"_links":{"self":[{"href":"https:\/\/tvc16.com\/portal\/wp-json\/wp\/v2\/posts\/56997","targetHints":{"allow":["GET"]}}],"collection":[{"href":"https:\/\/tvc16.com\/portal\/wp-json\/wp\/v2\/posts"}],"about":[{"href":"https:\/\/tvc16.com\/portal\/wp-json\/wp\/v2\/types\/post"}],"author":[{"embeddable":true,"href":"https:\/\/tvc16.com\/portal\/wp-json\/wp\/v2\/users\/2"}],"replies":[{"embeddable":true,"href":"https:\/\/tvc16.com\/portal\/wp-json\/wp\/v2\/comments?post=56997"}],"version-history":[{"count":1,"href":"https:\/\/tvc16.com\/portal\/wp-json\/wp\/v2\/posts\/56997\/revisions"}],"predecessor-version":[{"id":56999,"href":"https:\/\/tvc16.com\/portal\/wp-json\/wp\/v2\/posts\/56997\/revisions\/56999"}],"wp:featuredmedia":[{"embeddable":true,"href":"https:\/\/tvc16.com\/portal\/wp-json\/wp\/v2\/media\/56998"}],"wp:attachment":[{"href":"https:\/\/tvc16.com\/portal\/wp-json\/wp\/v2\/media?parent=56997"}],"wp:term":[{"taxonomy":"category","embeddable":true,"href":"https:\/\/tvc16.com\/portal\/wp-json\/wp\/v2\/categories?post=56997"},{"taxonomy":"post_tag","embeddable":true,"href":"https:\/\/tvc16.com\/portal\/wp-json\/wp\/v2\/tags?post=56997"}],"curies":[{"name":"wp","href":"https:\/\/api.w.org\/{rel}","templated":true}]}}