{"id":57009,"date":"2023-04-08T10:00:00","date_gmt":"2023-04-08T13:00:00","guid":{"rendered":"https:\/\/tvc16.com\/portal\/?p=57009"},"modified":"2023-04-07T18:50:27","modified_gmt":"2023-04-07T21:50:27","slug":"exposicao-de-flores-e-ceramicas-inicia-nesta-quinta-feira-e-vai-ate-domingo-em-petropolis","status":"publish","type":"post","link":"https:\/\/tvc16.com\/portal\/2023\/04\/08\/exposicao-de-flores-e-ceramicas-inicia-nesta-quinta-feira-e-vai-ate-domingo-em-petropolis\/","title":{"rendered":"Exposi\u00e7\u00e3o de flores e cer\u00e2micas inicia nesta quinta-feira e vai at\u00e9 domingo, em Petr\u00f3polis"},"content":{"rendered":"\n<p><em>Larissa Martins<\/em><\/p>\n\n\n\n<p>Para quem gosta de sair da rotina no feriado e visitar os pontos tur\u00edsticos de Petr\u00f3polis, j\u00e1 pode anotar na agenda a exposi\u00e7\u00e3o de flores e cer\u00e2micas, que est\u00e1 sendo realizada no Pal\u00e1cio de Cristal. O evento teve in\u00edcio nesta quinta-feira (6) e segue at\u00e9 domingo (9), sendo aberto ao p\u00fablico em geral de 09h \u00e0s 18h. No espa\u00e7o h\u00e1 tr\u00eas expositores de cer\u00e2mica. O intuito \u00e9 fortalecer o trabalho dos produtores, como a Rita de C\u00e1ssia que foi chamada para expor as artes no espa\u00e7o. \u201cDurante a pandemia iniciei esse trabalho. Eu fazia 10 pe\u00e7as por dia e ent\u00e3o decidi vender para fazer uma renda extra. Sempre me inspiro na natureza, se vejo uma borboleta desenho ela, e assim por diante. A argila me guia, j\u00e1 que fa\u00e7o tudo a m\u00e3o, sem equipamentos\u201d, disse a ceramista.<\/p>\n\n\n\n<figure class=\"wp-block-image size-large\"><img loading=\"lazy\" decoding=\"async\" width=\"1024\" height=\"768\" src=\"https:\/\/tvc16.com\/portal\/wp-content\/uploads\/2023\/04\/flores-1024x768.jpeg\" alt=\"\" class=\"wp-image-57011\" srcset=\"https:\/\/tvc16.com\/portal\/wp-content\/uploads\/2023\/04\/flores-1024x768.jpeg 1024w, https:\/\/tvc16.com\/portal\/wp-content\/uploads\/2023\/04\/flores-300x225.jpeg 300w, https:\/\/tvc16.com\/portal\/wp-content\/uploads\/2023\/04\/flores-768x576.jpeg 768w, https:\/\/tvc16.com\/portal\/wp-content\/uploads\/2023\/04\/flores-1536x1152.jpeg 1536w, https:\/\/tvc16.com\/portal\/wp-content\/uploads\/2023\/04\/flores-200x150.jpeg 200w, https:\/\/tvc16.com\/portal\/wp-content\/uploads\/2023\/04\/flores.jpeg 1600w\" sizes=\"auto, (max-width: 1024px) 100vw, 1024px\" \/><\/figure>\n\n\n\n<p>Para a artista, Adriana Cer\u00e2mica, a oportunidade de mostrar o trabalho aos petropolitanos e turistas, \u00e9 \u00fanica. \u201cEu acho que o artista gosta de se mostrar e a cer\u00e2mica de alta temperatura j\u00e1 tem hist\u00f3ria em Petr\u00f3polis. Esse produto \u00e9 capaz de atingir at\u00e9 1300 graus durante a produ\u00e7\u00e3o. Eu gosto da parte do utilit\u00e1rio onde as pe\u00e7as servem tanto para decora\u00e7\u00e3o quando para servir comida. Na alta gastronomia isso \u00e9 muito importante, porque ela busca oferecer tamb\u00e9m a beleza al\u00e9m do sabor\u201d, explica.<\/p>\n\n\n\n<p>No espa\u00e7o h\u00e1 tamb\u00e9m cinco expositores de flores de diversas esp\u00e9cies. Suculentas, cactos, brom\u00e9lias, h\u00e1 op\u00e7\u00f5es para todos os gostos. Desde quem quer montar um jardim em casa, a quem prefira uma planta minimalista. O objetivo \u00e9 resgatar a ess\u00eancia do ponto tur\u00edstico que foi criado para ser uma estufa. Na empresa de Marcos Carvalhos a suculenta \u00e9 a especialidade da casa sendo produzida h\u00e1 mais de dez anos. \u201cEsse espa\u00e7o \u00e9 muito importante para que os produtores apresentem as obras. Eu j\u00e1 participei de outros eventos nesse formato, inclusive da reinaugura\u00e7\u00e3o do Pal\u00e1cio. Assim conseguimos conquistar mais clientes\u201d, disse<\/p>\n","protected":false},"excerpt":{"rendered":"<p>Larissa Martins Para quem gosta de sair da rotina no feriado e visitar os pontos<\/p>\n","protected":false},"author":2,"featured_media":57010,"comment_status":"open","ping_status":"open","sticky":false,"template":"","format":"standard","meta":{"footnotes":""},"categories":[12,21,264],"tags":[],"class_list":["post-57009","post","type-post","status-publish","format-standard","has-post-thumbnail","hentry","category-cidade","category-cultura","category-destaque"],"_links":{"self":[{"href":"https:\/\/tvc16.com\/portal\/wp-json\/wp\/v2\/posts\/57009","targetHints":{"allow":["GET"]}}],"collection":[{"href":"https:\/\/tvc16.com\/portal\/wp-json\/wp\/v2\/posts"}],"about":[{"href":"https:\/\/tvc16.com\/portal\/wp-json\/wp\/v2\/types\/post"}],"author":[{"embeddable":true,"href":"https:\/\/tvc16.com\/portal\/wp-json\/wp\/v2\/users\/2"}],"replies":[{"embeddable":true,"href":"https:\/\/tvc16.com\/portal\/wp-json\/wp\/v2\/comments?post=57009"}],"version-history":[{"count":1,"href":"https:\/\/tvc16.com\/portal\/wp-json\/wp\/v2\/posts\/57009\/revisions"}],"predecessor-version":[{"id":57012,"href":"https:\/\/tvc16.com\/portal\/wp-json\/wp\/v2\/posts\/57009\/revisions\/57012"}],"wp:featuredmedia":[{"embeddable":true,"href":"https:\/\/tvc16.com\/portal\/wp-json\/wp\/v2\/media\/57010"}],"wp:attachment":[{"href":"https:\/\/tvc16.com\/portal\/wp-json\/wp\/v2\/media?parent=57009"}],"wp:term":[{"taxonomy":"category","embeddable":true,"href":"https:\/\/tvc16.com\/portal\/wp-json\/wp\/v2\/categories?post=57009"},{"taxonomy":"post_tag","embeddable":true,"href":"https:\/\/tvc16.com\/portal\/wp-json\/wp\/v2\/tags?post=57009"}],"curies":[{"name":"wp","href":"https:\/\/api.w.org\/{rel}","templated":true}]}}