{"id":57013,"date":"2023-04-08T12:00:00","date_gmt":"2023-04-08T15:00:00","guid":{"rendered":"https:\/\/tvc16.com\/portal\/?p=57013"},"modified":"2023-04-07T19:18:44","modified_gmt":"2023-04-07T22:18:44","slug":"programa-de-apoio-a-inovacao-prorroga-inscricoes-ate-dia-10","status":"publish","type":"post","link":"https:\/\/tvc16.com\/portal\/2023\/04\/08\/programa-de-apoio-a-inovacao-prorroga-inscricoes-ate-dia-10\/","title":{"rendered":"Programa de apoio \u00e0 inova\u00e7\u00e3o prorroga inscri\u00e7\u00f5es at\u00e9 dia 10"},"content":{"rendered":"\n<p><em>Wellton M\u00e1ximo \u2013  Ag\u00eancia Brasil<\/em><\/p>\n\n\n\n<p>As micro e pequenas empresas com projetos inovadores t\u00eam uma chance de tirar a ideia do papel e expandir os neg\u00f3cios. As inscri\u00e7\u00f5es para a quinta e \u00faltima chamada do Programa Ideiaz, que pretende ajudar gratuitamente projetos inovadores de pequenas empresas, foram prorrogadas at\u00e9 a pr\u00f3xima segunda-feira (10).<\/p>\n\n\n\n<p>Em parceria com o Minist\u00e9rio do Desenvolvimento, Ind\u00fastria, Com\u00e9rcio e Servi\u00e7os (MDIC) e o Servi\u00e7o Brasileiro de Apoio \u00e0s Micro e Pequenas Empresas (Sebrae), a Associa\u00e7\u00e3o Nacional de Entidades Promotoras de Empreendimentos Inovadores (Anprotec) est\u00e1 escolhendo at\u00e9 300 ideias para receberem capacita\u00e7\u00e3o empreendedora, mentorias e apoio tecnol\u00f3gico por dez semanas. O prazo original de inscri\u00e7\u00e3o acabaria no \u00faltimo domingo (2), mas foi reaberto por mais oito dias.<br><br>Empresas de todo o pa\u00eds podem se inscrever. A assist\u00eancia aos neg\u00f3cios escolhidos ser\u00e1 feita de forma gratuita pelas incubadoras e aceleradoras de empresas associadas ao Programa Ideiaz \u2013 Powered by InovAtiva. A rede, que opera em todos os estados, tem como objetivo democratizar o atendimento t\u00e9cnico a empresas inovadoras, ampliando o alcance nacional de neg\u00f3cios que recebem assessoria t\u00e9cnica.<\/p>\n\n\n\n<p>Essa ser\u00e1 a quinta e \u00faltima chamada do Programa Ideiaz. Nos ciclos anteriores, o programa ajudou 696 projetos, que receberam treinamento e assist\u00eancia tecnol\u00f3gica gratuitos. Nesta chamada, o programa conta com 33 incubadoras e aceleradoras credenciadas.<\/p>\n\n\n\n<h2 class=\"wp-block-heading\">Procedimentos<\/h2>\n\n\n\n<p>Podem inscrever-se empreendedores com projetos nas fases de cria\u00e7\u00e3o ou idea\u00e7\u00e3o, ou seja, cujo produto ainda n\u00e3o tenha sido comercializado ou cujo modelo de neg\u00f3cio ainda n\u00e3o esteja concretizado. Cerca de um ter\u00e7o das vagas ser\u00e3o destinadas \u00e0s ideias das regi\u00f5es Norte, Nordeste e Centro-Oeste. Outros 20% ir\u00e3o para projetos com impacto socioambiental positivo.<\/p>\n\n\n\n<p>As propostas ser\u00e3o avaliadas por um comit\u00ea de sele\u00e7\u00e3o composto por representantes do Sistema Sebrae, da Anprotec e da Secretaria de Desenvolvimento Industrial, Inova\u00e7\u00e3o, Com\u00e9rcio e Servi\u00e7os do MDIC. Tamb\u00e9m participa\u00e7\u00e3o da escolha parceiros como entidades de fomento, investidores, especialistas do setor produtivo e professores de universidades. Com as cerca de 300 ideias selecionadas nesta chamada, o programa pretende concluir as atividades atingindo a meta de 1 mil projetos atendidos.<br><br>Cada projeto selecionado ser\u00e1 encaminhado para um atendimento de dez semanas, totalmente\u00a0<em>online<\/em>, com uma das incubadoras ou aceleradoras credenciadas no Ideiaz. Os empreendimentos receber\u00e3o pelo menos 18 horas de apoio ao seu desenvolvimento. Desse total, pelo menos 10 horas ser\u00e3o de atendimento individualizado, que abranger\u00e1 as seguintes atividades:<br><br>\u25cf\u00a0\u00a0 Mentoria;<br>\u25cf\u00a0\u00a0 Consultoria organizacional;<br>\u25cf\u00a0\u00a0 Suporte tecnol\u00f3gico;<br>\u25cf\u00a0\u00a0 Suporte para formaliza\u00e7\u00e3o do neg\u00f3cio;<br>\u25cf\u00a0\u00a0 Qualifica\u00e7\u00e3o empreendedora.<br><br>Depois do processo de capacita\u00e7\u00e3o, os projetos ser\u00e3o acompanhados e dever\u00e3o cumprir as seguintes metas: ter um modelo de neg\u00f3cios desenhado e validado, apresentar um prot\u00f3tipo do produto ou servi\u00e7o desenvolvido e avaliado por clientes e constituir um\u00a0<em>pitch\u00a0<\/em>(discurso) de venda e de defesa do neg\u00f3cio pronto.<br><br>Cada projeto dever\u00e1 ter pelo menos dois integrantes para participarem das dez semanas de atendimento. A capacita\u00e7\u00e3o ir\u00e1 al\u00e9m das 18 horas de atendimento. A Anprotec recomenda que os integrantes da equipe dediquem pelo menos meio expediente por dia para desempenhar as atividades necess\u00e1rias para atingirem os resultados m\u00ednimos. O tempo necess\u00e1rio poder\u00e1 aumentar, de acordo com o n\u00edvel de conhecimento do time e da maturidade do projeto.<br><br>Mais informa\u00e7\u00f5es podem ser obtidas no edital, dispon\u00edvel na p\u00e1gina do\u00a0Programa Ideiaz\u00a0na internet.<\/p>\n\n\n\n<h2 class=\"wp-block-heading\">Cronograma<\/h2>\n\n\n\n<p>\u25cf&nbsp;&nbsp; Per\u00edodo de inscri\u00e7\u00e3o: at\u00e9 10 de abril<br>\u25cf&nbsp;&nbsp; Avalia\u00e7\u00e3o das propostas: de 12 a 30 de abril<br>\u25cf&nbsp;&nbsp; Divulga\u00e7\u00e3o dos resultados: 8 de maio<br>\u25cf&nbsp;&nbsp; Formaliza\u00e7\u00e3o da rela\u00e7\u00e3o entre ambientes e projetos: de 8 a 19 de maio<br>\u25cf&nbsp;&nbsp; Per\u00edodo da capacita\u00e7\u00e3o: de 22 de maio a 28 de julho<br>\u25cf&nbsp;&nbsp; Prazo final para a entrega dos resultados m\u00ednimos: 28 de julho<br>\u25cf&nbsp;&nbsp; Entrega do question\u00e1rio respondido: 4 de agosto<\/p>\n","protected":false},"excerpt":{"rendered":"<p>Wellton M\u00e1ximo \u2013 Ag\u00eancia Brasil As micro e pequenas empresas com projetos inovadores t\u00eam uma<\/p>\n","protected":false},"author":2,"featured_media":57014,"comment_status":"open","ping_status":"open","sticky":false,"template":"","format":"standard","meta":{"footnotes":""},"categories":[17,14],"tags":[],"class_list":["post-57013","post","type-post","status-publish","format-standard","has-post-thumbnail","hentry","category-outras-noticias","category-pais"],"_links":{"self":[{"href":"https:\/\/tvc16.com\/portal\/wp-json\/wp\/v2\/posts\/57013","targetHints":{"allow":["GET"]}}],"collection":[{"href":"https:\/\/tvc16.com\/portal\/wp-json\/wp\/v2\/posts"}],"about":[{"href":"https:\/\/tvc16.com\/portal\/wp-json\/wp\/v2\/types\/post"}],"author":[{"embeddable":true,"href":"https:\/\/tvc16.com\/portal\/wp-json\/wp\/v2\/users\/2"}],"replies":[{"embeddable":true,"href":"https:\/\/tvc16.com\/portal\/wp-json\/wp\/v2\/comments?post=57013"}],"version-history":[{"count":1,"href":"https:\/\/tvc16.com\/portal\/wp-json\/wp\/v2\/posts\/57013\/revisions"}],"predecessor-version":[{"id":57015,"href":"https:\/\/tvc16.com\/portal\/wp-json\/wp\/v2\/posts\/57013\/revisions\/57015"}],"wp:featuredmedia":[{"embeddable":true,"href":"https:\/\/tvc16.com\/portal\/wp-json\/wp\/v2\/media\/57014"}],"wp:attachment":[{"href":"https:\/\/tvc16.com\/portal\/wp-json\/wp\/v2\/media?parent=57013"}],"wp:term":[{"taxonomy":"category","embeddable":true,"href":"https:\/\/tvc16.com\/portal\/wp-json\/wp\/v2\/categories?post=57013"},{"taxonomy":"post_tag","embeddable":true,"href":"https:\/\/tvc16.com\/portal\/wp-json\/wp\/v2\/tags?post=57013"}],"curies":[{"name":"wp","href":"https:\/\/api.w.org\/{rel}","templated":true}]}}