{"id":57019,"date":"2023-04-08T14:00:00","date_gmt":"2023-04-08T17:00:00","guid":{"rendered":"https:\/\/tvc16.com\/portal\/?p=57019"},"modified":"2023-04-07T19:29:46","modified_gmt":"2023-04-07T22:29:46","slug":"um-em-cada-3-jovens-nao-sabem-o-bioma-em-que-vivem","status":"publish","type":"post","link":"https:\/\/tvc16.com\/portal\/2023\/04\/08\/um-em-cada-3-jovens-nao-sabem-o-bioma-em-que-vivem\/","title":{"rendered":"Um em cada 3 jovens n\u00e3o sabem o bioma em que vivem"},"content":{"rendered":"\n<p><em>Leandro Martins &#8211; Ag\u00eancia Brasil<\/em><\/p>\n\n\n\n<p>Um em cada tr\u00eas jovens brasileiros n\u00e3o sabe em qual bioma vive. Essa \u00e9 uma das conclus\u00f5es da pesquisa Juventudes, Meio Ambiente e Mudan\u00e7as Clim\u00e1ticas, divulgada&nbsp;esta semana, em S\u00e3o Paulo. O estudo&nbsp;revela o comportamento e o entendimento dos jovens do pa\u00eds sobre o assunto.&nbsp;<\/p>\n\n\n\n<p>Foram entrevistadas 5.150 pessoas, entre 15 e 29 anos, dos seis biomas brasileiros: Amaz\u00f4nia, Caatinga, Cerrado, Mata Atl\u00e2ntica, Pampa e Pantanal. &nbsp;<\/p>\n\n\n\n<p>A pesquisa apontou que os jovens da Amaz\u00f4nia&nbsp;s\u00e3o os que menos se declararam preocupados com o meio ambiente.&nbsp;<\/p>\n\n\n\n<p>O secret\u00e1rio-executivo da organiza\u00e7\u00e3o Alian\u00e7a Em Movimento, Mathaus Torres, que conduziu a pesquisa, afirma que o conhecimento dos jovens sobre o meio ambiente parece distante da realidade brasileira.<\/p>\n\n\n\n<p>\u201cA gente pergunta pros jovens quais s\u00e3o as percep\u00e7\u00f5es sobre o aquecimento global e a resposta priorit\u00e1ria \u00e9 o derretimento das geleiras. N\u00e3o que isso n\u00e3o seja um problema, mas a gente tem outros problemas como o desmatamento, as secas prolongadas, as enchentes que acontecem todos os anos como recentemente aconteceu aqui em S\u00e3o Paulo.\u201d<\/p>\n\n\n\n<p>O relat\u00f3rio aponta ainda que&nbsp;oito&nbsp;em cada dez jovens concordam que as reservas ambientais ajudam a diminuir os efeitos das mudan\u00e7as clim\u00e1ticas. Al\u00e9m disso, mais de 60% defendem o investimento em fontes de energia alternativas, limpas e renov\u00e1veis.&nbsp;<\/p>\n\n\n\n<p>O estudo teve a colabora\u00e7\u00e3o das organiza\u00e7\u00f5es&nbsp;Rede Conhecimento Social, Engajamundo, Instituto Ay\u00edka e GT de Juventudes de Uma Concerta\u00e7\u00e3o pela Amaz\u00f4nia.&nbsp;&nbsp;<\/p>\n","protected":false},"excerpt":{"rendered":"<p>Leandro Martins &#8211; Ag\u00eancia Brasil Um em cada tr\u00eas jovens brasileiros n\u00e3o sabe em qual<\/p>\n","protected":false},"author":2,"featured_media":57020,"comment_status":"open","ping_status":"open","sticky":false,"template":"","format":"standard","meta":{"footnotes":""},"categories":[264,17,14],"tags":[],"class_list":["post-57019","post","type-post","status-publish","format-standard","has-post-thumbnail","hentry","category-destaque","category-outras-noticias","category-pais"],"_links":{"self":[{"href":"https:\/\/tvc16.com\/portal\/wp-json\/wp\/v2\/posts\/57019","targetHints":{"allow":["GET"]}}],"collection":[{"href":"https:\/\/tvc16.com\/portal\/wp-json\/wp\/v2\/posts"}],"about":[{"href":"https:\/\/tvc16.com\/portal\/wp-json\/wp\/v2\/types\/post"}],"author":[{"embeddable":true,"href":"https:\/\/tvc16.com\/portal\/wp-json\/wp\/v2\/users\/2"}],"replies":[{"embeddable":true,"href":"https:\/\/tvc16.com\/portal\/wp-json\/wp\/v2\/comments?post=57019"}],"version-history":[{"count":1,"href":"https:\/\/tvc16.com\/portal\/wp-json\/wp\/v2\/posts\/57019\/revisions"}],"predecessor-version":[{"id":57021,"href":"https:\/\/tvc16.com\/portal\/wp-json\/wp\/v2\/posts\/57019\/revisions\/57021"}],"wp:featuredmedia":[{"embeddable":true,"href":"https:\/\/tvc16.com\/portal\/wp-json\/wp\/v2\/media\/57020"}],"wp:attachment":[{"href":"https:\/\/tvc16.com\/portal\/wp-json\/wp\/v2\/media?parent=57019"}],"wp:term":[{"taxonomy":"category","embeddable":true,"href":"https:\/\/tvc16.com\/portal\/wp-json\/wp\/v2\/categories?post=57019"},{"taxonomy":"post_tag","embeddable":true,"href":"https:\/\/tvc16.com\/portal\/wp-json\/wp\/v2\/tags?post=57019"}],"curies":[{"name":"wp","href":"https:\/\/api.w.org\/{rel}","templated":true}]}}