{"id":57025,"date":"2023-04-08T10:14:45","date_gmt":"2023-04-08T13:14:45","guid":{"rendered":"https:\/\/tvc16.com\/portal\/?p=57025"},"modified":"2023-04-08T10:14:45","modified_gmt":"2023-04-08T13:14:45","slug":"defesa-civil-e-corpo-de-bombeiros-do-estado-monitoram-as-chuvas","status":"publish","type":"post","link":"https:\/\/tvc16.com\/portal\/2023\/04\/08\/defesa-civil-e-corpo-de-bombeiros-do-estado-monitoram-as-chuvas\/","title":{"rendered":"Defesa Civil e Corpo de Bombeiros do Estado monitoram as chuvas"},"content":{"rendered":"\n<p>A Secretaria de Estado de Defesa Civil (Sedec-RJ) e do Corpo de Bombeiros Militar do Estado do Rio de Janeiro (CBMERJ), monitoram as precipita\u00e7\u00f5es em todo o Estado, atuando para prevenir e minimizar qualquer poss\u00edvel dano.<\/p>\n\n\n\n<p>Os Bombeiros do Rio j\u00e1 atenderam cerca de 30 ocorr\u00eancias relacionadas \u00e0s chuvas, nas \u00faltimas 24 horas, em todo o territ\u00f3rio fluminense, incluindo cortes de \u00e1rvores e salvamentos de pessoas.<\/p>\n\n\n\n<p>Os agentes da Defesa Civil Estadual est\u00e3o em contato permanente com as Prefeituras, dando suporte quando as ocorr\u00eancias extrapolam a capacidade de resposta da gest\u00e3o municipal &#8211; o que ainda n\u00e3o aconteceu.<\/p>\n\n\n\n<p>Monitoramento<\/p>\n\n\n\n<p>O Centro Estadual de Monitoramento e Alerta de Desastres Naturais (Cemaden-RJ) segue acompanhando as condi\u00e7\u00f5es meteorol\u00f3gicas e os n\u00edveis pluviom\u00e9tricos e enviando alertas para os munic\u00edpios.<\/p>\n\n\n\n<p>H\u00e1 previs\u00e3o de pancadas de chuva moderada a muito forte, em todo o Estado, at\u00e9 domingo (09.04).<\/p>\n\n\n\n<p>Neste momento, \u00e9 considerado moderado o risco de deslizamentos, inunda\u00e7\u00f5es e alagamentos no territ\u00f3rio fluminense.<\/p>\n","protected":false},"excerpt":{"rendered":"<p>A Secretaria de Estado de Defesa Civil (Sedec-RJ) e do Corpo de Bombeiros Militar do<\/p>\n","protected":false},"author":2,"featured_media":57026,"comment_status":"open","ping_status":"open","sticky":false,"template":"","format":"standard","meta":{"footnotes":""},"categories":[12,264],"tags":[],"class_list":["post-57025","post","type-post","status-publish","format-standard","has-post-thumbnail","hentry","category-cidade","category-destaque"],"_links":{"self":[{"href":"https:\/\/tvc16.com\/portal\/wp-json\/wp\/v2\/posts\/57025","targetHints":{"allow":["GET"]}}],"collection":[{"href":"https:\/\/tvc16.com\/portal\/wp-json\/wp\/v2\/posts"}],"about":[{"href":"https:\/\/tvc16.com\/portal\/wp-json\/wp\/v2\/types\/post"}],"author":[{"embeddable":true,"href":"https:\/\/tvc16.com\/portal\/wp-json\/wp\/v2\/users\/2"}],"replies":[{"embeddable":true,"href":"https:\/\/tvc16.com\/portal\/wp-json\/wp\/v2\/comments?post=57025"}],"version-history":[{"count":1,"href":"https:\/\/tvc16.com\/portal\/wp-json\/wp\/v2\/posts\/57025\/revisions"}],"predecessor-version":[{"id":57027,"href":"https:\/\/tvc16.com\/portal\/wp-json\/wp\/v2\/posts\/57025\/revisions\/57027"}],"wp:featuredmedia":[{"embeddable":true,"href":"https:\/\/tvc16.com\/portal\/wp-json\/wp\/v2\/media\/57026"}],"wp:attachment":[{"href":"https:\/\/tvc16.com\/portal\/wp-json\/wp\/v2\/media?parent=57025"}],"wp:term":[{"taxonomy":"category","embeddable":true,"href":"https:\/\/tvc16.com\/portal\/wp-json\/wp\/v2\/categories?post=57025"},{"taxonomy":"post_tag","embeddable":true,"href":"https:\/\/tvc16.com\/portal\/wp-json\/wp\/v2\/tags?post=57025"}],"curies":[{"name":"wp","href":"https:\/\/api.w.org\/{rel}","templated":true}]}}