{"id":57028,"date":"2023-04-09T08:00:00","date_gmt":"2023-04-09T11:00:00","guid":{"rendered":"https:\/\/tvc16.com\/portal\/?p=57028"},"modified":"2023-04-08T11:32:02","modified_gmt":"2023-04-08T14:32:02","slug":"acervo-da-biblioteca-central-municipal-gabriela-mistral-no-centro-de-cultura-reaberto-ao-publico","status":"publish","type":"post","link":"https:\/\/tvc16.com\/portal\/2023\/04\/09\/acervo-da-biblioteca-central-municipal-gabriela-mistral-no-centro-de-cultura-reaberto-ao-publico\/","title":{"rendered":"Acervo da Biblioteca Central Municipal Gabriela Mistral, no Centro de Cultura reaberto ao p\u00fablico"},"content":{"rendered":"\n<p>A Biblioteca Central Municipal Gabriela Mistral, no Centro de Cultura Raul de Leoni, vai ser reaberta ao p\u00fablico na ter\u00e7a-feira (11). A Prefeitura, por meio do Instituto Municipal de Cultura (IMC), realizou a pintura do espa\u00e7o e a reorganiza\u00e7\u00e3o do acervo, que agora vai estar totalmente acess\u00edvel ao p\u00fablico.<\/p>\n\n\n\n<p>A programa\u00e7\u00e3o, gratuita, de reabertura vai contar com conta\u00e7\u00e3o de hist\u00f3rias para crian\u00e7as e apresenta\u00e7\u00f5es teatrais nos dias 11, 12 e 13. A solenidade oficial de reabertura da Biblioteca Municipal Gabriela Mistral, com a presen\u00e7a do prefeito Rubens Bomtempo, acontece na noite de ter\u00e7a-feira (11).<\/p>\n\n\n\n<p>Atualmente, o acervo compreende mais de cem mil volumes, entre livros, audiolivros, artigos de peri\u00f3dicos e outros. \u201cA reabertura da biblioteca faz parte das a\u00e7\u00f5es de retomada e valoriza\u00e7\u00e3o da cena cultural de Petr\u00f3polis. J\u00e1 reabrimos a Sala Cine Humberto Mauro, fizemos a revitaliza\u00e7\u00e3o da fachada do Centro de Cultura e fizemos a acessibilidade dos banheiros. Novas interven\u00e7\u00f5es j\u00e1 est\u00e3o previstas\u201d, comentou a presidente do IMC, Diana Iliescu.<\/p>\n\n\n\n<p>A Biblioteca Municipal Gabriela Mistral funciona de segunda a sexta-feira, das 9h \u00e0s 17h. O Arquivo Hist\u00f3rico tamb\u00e9m funciona no mesmo hor\u00e1rio e dias, agora sem a necessidade de agendamento. \u201cEstamos muito felizes de poder reabrir este espa\u00e7o, que recebeu nos \u00faltimos meses um trabalho de revitaliza\u00e7\u00e3o; al\u00e9m de doa\u00e7\u00f5es de livros para compor o acervo. Preparamos uma grande festa com atividades culturais para atrair o p\u00fablico infantil e juvenil e incentivar a leitura\u201d, ressaltou a gerente da biblioteca, Lorena Cristiano.<\/p>\n\n\n\n<p>Confira a programa\u00e7\u00e3o:<br>Dia 11<br>10h &#8211; Conta\u00e7\u00e3o de hist\u00f3ria<br>14h &#8211; Teatro infantil \u2013 \u201cDona Sofia e suas poesias\u201d<\/p>\n\n\n\n<p>Dia 12<br>10h &#8211; Conta\u00e7\u00e3o de hist\u00f3ria<br>14h &#8211; Teatro infantil \u2013 \u201cReino dos Livros Esquecidos\u201d<\/p>\n\n\n\n<p>Dia 13<br>10h &#8211; Conta\u00e7\u00e3o de hist\u00f3ria<br>14h &#8211; Teatro Infantil \u2013 \u201cRosa que Gira a Roda\u201d<\/p>\n\n\n\n<p><strong>Biblioteca Municipal Gabriela Mistral<\/strong><\/p>\n\n\n\n<p>A Biblioteca come\u00e7ou a funcionar em Petr\u00f3polis no dia primeiro de fevereiro de 1876 na C\u00e2mara Municipal e s\u00f3 recebeu pr\u00e9dio pr\u00f3prio no dia 29 de julho de 1946, durante as comemora\u00e7\u00f5es do centen\u00e1rio de anivers\u00e1rio da Princesa Isabel, quando se desvinculou da C\u00e2mara e passou a ser administrada pela Prefeitura.<\/p>\n\n\n\n<p>Entre 1974 a 1977 a sede da Biblioteca foi demolida para a constru\u00e7\u00e3o do Centro de Cultura e durante esse per\u00edodo teve seu funcionamento na Casa Cl\u00e1udio de Souza.<\/p>\n\n\n\n<p>Com a inaugura\u00e7\u00e3o do Centro de Cultura no dia 31 de julho de 1977, a Biblioteca ganhou uma casa nova onde est\u00e1 at\u00e9 os dias de hoje. Em 1994, a Biblioteca recebeu o nome de \u201cBiblioteca Central Municipal Gabriela Mistral\u201d, pseud\u00f4nimo de Lucila Godoy Alcayaga, em homenagem a poetisa Chilena (1889-1957), que foi a primeira mulher da Am\u00e9rica Latina a ganhar o Nobel de Literatura em 1945.<\/p>\n","protected":false},"excerpt":{"rendered":"<p>A Biblioteca Central Municipal Gabriela Mistral, no Centro de Cultura Raul de Leoni, vai ser<\/p>\n","protected":false},"author":2,"featured_media":7198,"comment_status":"open","ping_status":"open","sticky":false,"template":"","format":"standard","meta":{"footnotes":""},"categories":[12,21,264,19],"tags":[],"class_list":["post-57028","post","type-post","status-publish","format-standard","has-post-thumbnail","hentry","category-cidade","category-cultura","category-destaque","category-educacao"],"_links":{"self":[{"href":"https:\/\/tvc16.com\/portal\/wp-json\/wp\/v2\/posts\/57028","targetHints":{"allow":["GET"]}}],"collection":[{"href":"https:\/\/tvc16.com\/portal\/wp-json\/wp\/v2\/posts"}],"about":[{"href":"https:\/\/tvc16.com\/portal\/wp-json\/wp\/v2\/types\/post"}],"author":[{"embeddable":true,"href":"https:\/\/tvc16.com\/portal\/wp-json\/wp\/v2\/users\/2"}],"replies":[{"embeddable":true,"href":"https:\/\/tvc16.com\/portal\/wp-json\/wp\/v2\/comments?post=57028"}],"version-history":[{"count":2,"href":"https:\/\/tvc16.com\/portal\/wp-json\/wp\/v2\/posts\/57028\/revisions"}],"predecessor-version":[{"id":57033,"href":"https:\/\/tvc16.com\/portal\/wp-json\/wp\/v2\/posts\/57028\/revisions\/57033"}],"wp:featuredmedia":[{"embeddable":true,"href":"https:\/\/tvc16.com\/portal\/wp-json\/wp\/v2\/media\/7198"}],"wp:attachment":[{"href":"https:\/\/tvc16.com\/portal\/wp-json\/wp\/v2\/media?parent=57028"}],"wp:term":[{"taxonomy":"category","embeddable":true,"href":"https:\/\/tvc16.com\/portal\/wp-json\/wp\/v2\/categories?post=57028"},{"taxonomy":"post_tag","embeddable":true,"href":"https:\/\/tvc16.com\/portal\/wp-json\/wp\/v2\/tags?post=57028"}],"curies":[{"name":"wp","href":"https:\/\/api.w.org\/{rel}","templated":true}]}}