{"id":57030,"date":"2023-04-09T11:00:00","date_gmt":"2023-04-09T14:00:00","guid":{"rendered":"https:\/\/tvc16.com\/portal\/?p=57030"},"modified":"2023-04-08T12:18:27","modified_gmt":"2023-04-08T15:18:27","slug":"dia-mundial-da-criatividade-tera-atividades-em-petropolis-nos-dias-20-21-e-22-de-abril","status":"publish","type":"post","link":"https:\/\/tvc16.com\/portal\/2023\/04\/09\/dia-mundial-da-criatividade-tera-atividades-em-petropolis-nos-dias-20-21-e-22-de-abril\/","title":{"rendered":"Dia Mundial da Criatividade ter\u00e1 atividades em Petr\u00f3polis nos dias 20, 21 e 22 de abril"},"content":{"rendered":"\n<p>Petr\u00f3polis vai entrar na programa\u00e7\u00e3o do maior festival colaborativo de criatividade do mundo, o World Creativity Day 2023. O evento, que \u00e9 realizado desde 2018, se estender\u00e1 neste ano por 60 cidades brasileiras e mais de 30 no exterior. Em Petr\u00f3polis, o tema ser\u00e1 <strong>A Era dos Criadores de Impacto<\/strong>, com 45 atividades gratuitas de educa\u00e7\u00e3o, cultura e entretenimento para acelerar o desenvolvimento econ\u00f4mico sustent\u00e1vel na cidade.<\/p>\n\n\n\n<p>Diretor da Escola Oficina Criativa, Alfredo Anderson de Freitas Leal \u00e9 o respons\u00e1vel por trazer o evento para Petr\u00f3polis. Ele explica que ser\u00e3o tr\u00eas dias com palestras, f\u00f3runs e oficinas. \u201cHaver\u00e1 atividades presenciais e tamb\u00e9m online, dando ao p\u00fablico ampla oportunidade de participa\u00e7\u00e3o\u201d, explica, acrescentando que os encontros presenciais ser\u00e3o realizadas no Laborat\u00f3rio Nacional de Computa\u00e7\u00e3o Cient\u00edfica (LNCC), Faculdade de Educa\u00e7\u00e3o Tecnol\u00f3gica do Estado do Rio de Janeiro (Faeterj), Escola Oficina Criativa e Escola de M\u00fasica Santa Cec\u00edlia.<\/p>\n\n\n\n<p>Idealizador do Dia Mundial da Criatividade e diretor executivo da World Creativity Organization, Lucas Foster explica que o Dia Mundial da Criatividade desperta aten\u00e7\u00e3o das pessoas para a import\u00e2ncia do tema. \u201cVem conscientizar o mundo sobre o valor da criatividade como mat\u00e9ria-prima para a solu\u00e7\u00e3o de problemas\u201d, explica, acrescentando que a comunidade criativa \u00e9 formada por centenas de pessoas que buscam promover o desenvolvimento humano e profissional atrav\u00e9s da Revolu\u00e7\u00e3o Criativa.<\/p>\n\n\n\n<p>O vereador Hingo Hammes \u00e9 um dos incentivadores da iniciativa e destaca a import\u00e2ncia de eventos como este. \u201cEstimular a criatividade, mostrar que a vida n\u00e3o \u00e9 uma caixinha fechada com problemas para os quais h\u00e1 solu\u00e7\u00f5es pr\u00e9-definidas, \u00e9 essencial para promover o desenvolvimento das pessoas. Quando incentivadas desde a inf\u00e2ncia e a adolesc\u00eancia, elas t\u00eam potencializado o seu poder transformador, o que gera impactos positivos na vida, tanto no aspecto pessoal quanto no profissional\u201d, lembra.<\/p>\n\n\n\n<p><strong>A programa\u00e7\u00e3o<\/strong><\/p>\n\n\n\n<p>O evento ser\u00e1 aberto no dia 20 de abril, \u00e0s 9h no LNCC, com um painel com Anderson Leal, Fernanda Santoro e Marta Barboza sobre cren\u00e7as limitantes. \u201cS\u00e3o aquelas cren\u00e7as que acontecem ao longo da vida das pessoas, quando dizem o que voc\u00ea pode ou n\u00e3o fazer de sua vida, limitando voc\u00ea \u00e0quilo que as pessoas acham, diferente daquilo que voc\u00ea acredita\u201d, explica Anderson.<br>Haver\u00e1, ainda, palestras com especialistas de design, recursos humanos, fotografia, professores, escritores e ge\u00f3loga, entre outros, tratando de assuntos de interesse do meio corporativo e tamb\u00e9m da popula\u00e7\u00e3o em geral.<\/p>\n\n\n\n<p>Um dos encontros ser\u00e1 com a professora de Publicidade e Marketing, Comunica\u00e7\u00e3o Social e Orienta\u00e7\u00e3o Vocacional Elizabeth Regina de Souza. Com mais de 20 anos de experi\u00eancia na ind\u00fastria criativa em ag\u00eancias internacionais de publicidade, na \u00e1rea de estrat\u00e9gia e investiga\u00e7\u00e3o de mercados, ela fundou, durante a pandemia, o @SomosTodosDaVinci. Vai falar, no dia 21, na Escola Oficina Criativa, sobre como podemos participar na constru\u00e7\u00e3o de uma identidade vocacional criativa dos nossos filhos desde os primeiros anos de educa\u00e7\u00e3o.<\/p>\n\n\n\n<p>Durante o evento, a Escola Oficina Criativa, que \u00e9 destaque pelo muro da escola, que sempre \u00e9 pintado pelos seus alunos, vai abrir pela primeira vez inscri\u00e7\u00f5es pelo site para qualquer crian\u00e7a ou fam\u00edlia da cidade participar da pintura, seja aluno ou n\u00e3o.<\/p>\n\n\n\n<p>A fotografa Ra\u00edssa Kronemberger tamb\u00e9m vai participar do evento falando sobre como ser criativo na hora de preparar conte\u00fado para as redes, assim como a influenciadora digital Sabrina Sabr\u00e1, que vai discutir sobre o impacto dos criadores de conte\u00fado no dia a dia das pessoas.<\/p>\n\n\n\n<p><\/p>\n","protected":false},"excerpt":{"rendered":"<p>Petr\u00f3polis vai entrar na programa\u00e7\u00e3o do maior festival colaborativo de criatividade do mundo, o World<\/p>\n","protected":false},"author":2,"featured_media":57031,"comment_status":"open","ping_status":"open","sticky":false,"template":"","format":"standard","meta":{"footnotes":""},"categories":[12,21,264,18,19],"tags":[],"class_list":["post-57030","post","type-post","status-publish","format-standard","has-post-thumbnail","hentry","category-cidade","category-cultura","category-destaque","category-economia","category-educacao"],"_links":{"self":[{"href":"https:\/\/tvc16.com\/portal\/wp-json\/wp\/v2\/posts\/57030","targetHints":{"allow":["GET"]}}],"collection":[{"href":"https:\/\/tvc16.com\/portal\/wp-json\/wp\/v2\/posts"}],"about":[{"href":"https:\/\/tvc16.com\/portal\/wp-json\/wp\/v2\/types\/post"}],"author":[{"embeddable":true,"href":"https:\/\/tvc16.com\/portal\/wp-json\/wp\/v2\/users\/2"}],"replies":[{"embeddable":true,"href":"https:\/\/tvc16.com\/portal\/wp-json\/wp\/v2\/comments?post=57030"}],"version-history":[{"count":2,"href":"https:\/\/tvc16.com\/portal\/wp-json\/wp\/v2\/posts\/57030\/revisions"}],"predecessor-version":[{"id":57043,"href":"https:\/\/tvc16.com\/portal\/wp-json\/wp\/v2\/posts\/57030\/revisions\/57043"}],"wp:featuredmedia":[{"embeddable":true,"href":"https:\/\/tvc16.com\/portal\/wp-json\/wp\/v2\/media\/57031"}],"wp:attachment":[{"href":"https:\/\/tvc16.com\/portal\/wp-json\/wp\/v2\/media?parent=57030"}],"wp:term":[{"taxonomy":"category","embeddable":true,"href":"https:\/\/tvc16.com\/portal\/wp-json\/wp\/v2\/categories?post=57030"},{"taxonomy":"post_tag","embeddable":true,"href":"https:\/\/tvc16.com\/portal\/wp-json\/wp\/v2\/tags?post=57030"}],"curies":[{"name":"wp","href":"https:\/\/api.w.org\/{rel}","templated":true}]}}