{"id":57047,"date":"2023-04-09T12:00:00","date_gmt":"2023-04-09T15:00:00","guid":{"rendered":"https:\/\/tvc16.com\/portal\/?p=57047"},"modified":"2023-04-08T12:42:28","modified_gmt":"2023-04-08T15:42:28","slug":"afetados-por-eolicas-discutem-danos-causados-as-comunidades","status":"publish","type":"post","link":"https:\/\/tvc16.com\/portal\/2023\/04\/09\/afetados-por-eolicas-discutem-danos-causados-as-comunidades\/","title":{"rendered":"Afetados por e\u00f3licas discutem danos causados \u00e0s comunidades"},"content":{"rendered":"\n<p><em>Priscilla Mazenotti \u2013 Ag\u00eancia Brasil<\/em><\/p>\n\n\n\n<p>Os moradores de comunidades residentes no interior de parques e\u00f3licos, que convivem dia e noite com as torres que geram energia a partir vento, reclamam das dificuldades causadas pela polui\u00e7\u00e3o sonora provocada pela movimenta\u00e7\u00e3o de seus geradores. A descri\u00e7\u00e3o \u00e9 a de uma turbina de avi\u00e3o que nunca desliga.<\/p>\n\n\n\n<p>Os impactos s\u00e3o muitos. Al\u00e9m do barulho, as torres afetam tamb\u00e9m o meio ambiente, alteram a vegeta\u00e7\u00e3o, destroem a flora e provocam a morte de animais. Na sa\u00fade humana, provocam um zumbido no ouvido, a depress\u00e3o e o medo.<\/p>\n\n\n\n<p>E todos esses transtornos est\u00e3o acontecendo onde Roselma de Oliveira mora, em Caet\u00e9s, em Pernambuco. Uma das torres fica a apenas 160 metros da casa onde mora com a fam\u00edlia.<\/p>\n\n\n\n<p>\u201cProblemas de alergia, problemas de audi\u00e7\u00e3o, perdem a audi\u00e7\u00e3o. E um dos piores, que eu acho que tem, \u00e9 a depress\u00e3o, a ansiedade. Crian\u00e7as de 8 anos, 9, 5 e 6 anos, para dormirem, t\u00eam que ser \u00e0 base de medicamentos, e a gente n\u00e3o dorme, a gente cochila e acorda com aquele barulho terr\u00edvel\u201d, relatou Roselma.<\/p>\n\n\n\n<p>Aliar a gera\u00e7\u00e3o de energia com preserva\u00e7\u00e3o ambiental e prote\u00e7\u00e3o social \u00e9 o desafio. Ainda mais quando os dados mostram que, no Brasil, 44% da energia usada \u00e9 renov\u00e1vel, seja hidrel\u00e9trica, solar ou e\u00f3lica. Isso \u00e9 mais do que quatro vezes o que usam os pa\u00edses ricos, que dependem, basicamente, de combust\u00edvel f\u00f3ssil.<\/p>\n\n\n\n<p>Para Nevinha Valentim, do F\u00f3rum Mudan\u00e7as Clim\u00e1ticas e Justi\u00e7a Socioambiental do Rio Grande do Norte, a chegada desses empreendimentos causa, de in\u00edcio, grande devasta\u00e7\u00e3o ambiental. \u201cQuando chega em larga escala, devastando dunas, manguezais. Quando tem um modo de agricultura de produ\u00e7\u00e3o familiar, ent\u00e3o isso \u00e9 uma coisa devastadora\u201d, alerta.<\/p>\n\n\n\n<p>O assunto foi tema de discuss\u00e3o em Bras\u00edlia esta semana. Um grupo de afetados pelos aerogeradores esteve em reuni\u00f5es com o governo federal. Apesar de reconhecer a import\u00e2ncia desse tipo de matriz energ\u00e9tica, eles querem fazer parte da discuss\u00e3o. O professor da Universidade Federal da Para\u00edba Iure Paiva resume o que seria o ideal.<\/p>\n\n\n\n<p>\u201cEsse di\u00e1logo. Essa abertura de possibilidade, de a gente fazer com que essas vozes sejam ouvidas, tenham uma repercuss\u00e3o, esse \u00e9 um primeiro passo. O segundo, \u00e9 a gente ter a a\u00e7\u00e3o do poder p\u00fablico na fiscaliza\u00e7\u00e3o e, em terceiro lugar, a gente adote um modelo de desenvolvimento, de seguran\u00e7a energ\u00e9tica, que seja centrado nas pessoas e n\u00e3o apenas na atividade econ\u00f4mica\u201d, defende Paiva.<\/p>\n\n\n\n<p>O grupo que esteve em Bras\u00edlia participando dessas reuni\u00f5es apresentou para o governo um panorama do cen\u00e1rio atual. Uma possibilidade \u00e9 a instala\u00e7\u00e3o das chamadas e\u00f3licas offshore, de constru\u00e7\u00e3o das torres de energia em alto-mar.\u00a0Em mar\u00e7o, a Petrobras assinou uma carta de inten\u00e7\u00f5es\u00a0para analisar a viabilidade t\u00e9cnica de instala\u00e7\u00e3o das e\u00f3licas offshores em seis estados.<\/p>\n\n\n\n<p>Mais de 750 parques e\u00f3licos est\u00e3o em opera\u00e7\u00e3o no pa\u00eds, com mais de 10 mil torres geradoras. De acordo com o Global Wind Energy Council (GWEC), o Brasil ocupa a s\u00e9tima posi\u00e7\u00e3o no ranking mundial de gera\u00e7\u00e3o e\u00f3lica.<\/p>\n","protected":false},"excerpt":{"rendered":"<p>Priscilla Mazenotti \u2013 Ag\u00eancia Brasil Os moradores de comunidades residentes no interior de parques e\u00f3licos,<\/p>\n","protected":false},"author":2,"featured_media":57048,"comment_status":"open","ping_status":"open","sticky":false,"template":"","format":"standard","meta":{"footnotes":""},"categories":[264,17,14],"tags":[],"class_list":["post-57047","post","type-post","status-publish","format-standard","has-post-thumbnail","hentry","category-destaque","category-outras-noticias","category-pais"],"_links":{"self":[{"href":"https:\/\/tvc16.com\/portal\/wp-json\/wp\/v2\/posts\/57047","targetHints":{"allow":["GET"]}}],"collection":[{"href":"https:\/\/tvc16.com\/portal\/wp-json\/wp\/v2\/posts"}],"about":[{"href":"https:\/\/tvc16.com\/portal\/wp-json\/wp\/v2\/types\/post"}],"author":[{"embeddable":true,"href":"https:\/\/tvc16.com\/portal\/wp-json\/wp\/v2\/users\/2"}],"replies":[{"embeddable":true,"href":"https:\/\/tvc16.com\/portal\/wp-json\/wp\/v2\/comments?post=57047"}],"version-history":[{"count":1,"href":"https:\/\/tvc16.com\/portal\/wp-json\/wp\/v2\/posts\/57047\/revisions"}],"predecessor-version":[{"id":57049,"href":"https:\/\/tvc16.com\/portal\/wp-json\/wp\/v2\/posts\/57047\/revisions\/57049"}],"wp:featuredmedia":[{"embeddable":true,"href":"https:\/\/tvc16.com\/portal\/wp-json\/wp\/v2\/media\/57048"}],"wp:attachment":[{"href":"https:\/\/tvc16.com\/portal\/wp-json\/wp\/v2\/media?parent=57047"}],"wp:term":[{"taxonomy":"category","embeddable":true,"href":"https:\/\/tvc16.com\/portal\/wp-json\/wp\/v2\/categories?post=57047"},{"taxonomy":"post_tag","embeddable":true,"href":"https:\/\/tvc16.com\/portal\/wp-json\/wp\/v2\/tags?post=57047"}],"curies":[{"name":"wp","href":"https:\/\/api.w.org\/{rel}","templated":true}]}}