{"id":57054,"date":"2023-04-08T19:00:00","date_gmt":"2023-04-08T22:00:00","guid":{"rendered":"https:\/\/tvc16.com\/portal\/?p=57054"},"modified":"2023-04-08T13:15:09","modified_gmt":"2023-04-08T16:15:09","slug":"criancas-de-comunidades-do-rio-terao-pascoa-recheada-de-chocolate","status":"publish","type":"post","link":"https:\/\/tvc16.com\/portal\/2023\/04\/08\/criancas-de-comunidades-do-rio-terao-pascoa-recheada-de-chocolate\/","title":{"rendered":"Crian\u00e7as de comunidades do Rio ter\u00e3o P\u00e1scoa recheada de chocolate"},"content":{"rendered":"\n<p>A organiza\u00e7\u00e3o n\u00e3o governamental (ONG) Voz das Comunidades realizou neste s\u00e1bado (8), no Rio de Janeiro, sua d\u00e9cima terceira a\u00e7\u00e3o de P\u00e1scoa, intitulada &#8220;PAZcoa das Comunidades&#8221;.<\/p>\n\n\n\n<p>A meta foi distribuir pelo menos 20 mil chocolates para crian\u00e7as dos Complexos do Alem\u00e3o e Penha e Vidigal. A ONG foi fundada pelo ativista Rene Silva, nascido e criado no Morro do Adeus, uma das favelas pertencentes ao Complexo do Alem\u00e3o. Em 2005, ent\u00e3o com 11 anos de idade, Rene criou o jornal Voz das Comunidades, para apresentar os problemas e reivindicar melhorias para a popula\u00e7\u00e3o.<\/p>\n\n\n\n<p>A a\u00e7\u00e3o &#8220;PAZcoa das Comunidades&#8221; conta com a participa\u00e7\u00e3o de oitenta volunt\u00e1rios da ONG e visa levar alegria e esperan\u00e7a para as favelas, na v\u00e9spera do domingo de P\u00e1scoa.<\/p>\n\n\n\n<p>&#8220;Muitas fam\u00edlias aqui dentro das favelas passam por dificuldades financeiras e n\u00e3o conseguem comprar um chocolate. O que vemos h\u00e1 13 anos \u00e9 que um gesto simples pode transformar a P\u00e1scoa de uma crian\u00e7a. Mais que ovos, caixas de bombons ou barras de chocolate, estamos levando esperan\u00e7a, alegria e mantendo a tradi\u00e7\u00e3o para essa crian\u00e7ada&#8221;, disse Rene&nbsp; \u00e0 Ag\u00eancia Brasil. Al\u00e9m de levar solidariedade, o ato busca destacar que existe esperan\u00e7a de um futuro melhor para as fam\u00edlias.<\/p>\n\n\n\n<p>A manicure Luciene de Souza Rocha est\u00e1 participando pela primeira vez da a\u00e7\u00e3o. Ela tem dois filhos: uma adolescente de 16 anos e um beb\u00ea de dois anos e quatro meses. \u201cVai ser muito bom porque nem sempre eu consigo ter acesso a dinheiro para a crian\u00e7a. Meu marido est\u00e1 desempregado. Est\u00e1 bem dif\u00edcil. Esse \u00e9 o primeiro ano que meu filho entende de P\u00e1scoa. Para mim, vai ser maravilhosa essa ajuda\u201d, admitiu.<\/p>\n\n\n\n<h2 class=\"wp-block-heading\">Inf\u00e2ncia<\/h2>\n\n\n\n<p>Volunt\u00e1ria h\u00e1 13 anos, desde a cria\u00e7\u00e3o da \u201cPAZcoa das Comunidades\u201d, a biom\u00e9dica Fernanda Pontes afirmou &nbsp;que essa \u00e9 uma iniciativa \u00edmpar para a comunidade, \u201cporque h\u00e1 muitas pessoas que, no meio dessa a\u00e7\u00e3o, a gente tem a dimens\u00e3o de que [elas] n\u00e3o t\u00eam acesso \u00e0 P\u00e1scoa, a ovos de P\u00e1scoa, crian\u00e7as que crescem sem essa ilus\u00e3o. Porque essa data acaba sendo uma ilus\u00e3o criada pelo com\u00e9rcio, ligada ao coelhinho, ao ovo de chocolate. E a gente lida com crian\u00e7as que n\u00e3o sabiam disso e que perguntam: o que \u00e9 isso, tia?\u201d.<\/p>\n\n\n\n<p>Segundo Fernanda, a iniciativa da ONG \u201c\u00e9 muito legal, porque leva esperan\u00e7a. \u00c9 uma oportunidade de a crian\u00e7a viver a inf\u00e2ncia dela, como outras crian\u00e7as. Eu estou muito feliz por ser volunt\u00e1ria do Voz\u201d, afirmou Fernanda, que tem um espa\u00e7o de biometria est\u00e9tica na comunidade Nova Bras\u00edlia.<\/p>\n\n\n\n<p>Na edi\u00e7\u00e3o de 2022 da a\u00e7\u00e3o, foram distribu\u00eddos 25 mil ovos de P\u00e1scoa, extrapolando a meta estipulada de 20 mil produtos. A expectativa \u00e9 que a estimativa seja novamente superada este ano.<\/p>\n","protected":false},"excerpt":{"rendered":"<p>A organiza\u00e7\u00e3o n\u00e3o governamental (ONG) Voz das Comunidades realizou neste s\u00e1bado (8), no Rio de<\/p>\n","protected":false},"author":2,"featured_media":57055,"comment_status":"open","ping_status":"open","sticky":false,"template":"","format":"standard","meta":{"footnotes":""},"categories":[264,17],"tags":[],"class_list":["post-57054","post","type-post","status-publish","format-standard","has-post-thumbnail","hentry","category-destaque","category-outras-noticias"],"_links":{"self":[{"href":"https:\/\/tvc16.com\/portal\/wp-json\/wp\/v2\/posts\/57054","targetHints":{"allow":["GET"]}}],"collection":[{"href":"https:\/\/tvc16.com\/portal\/wp-json\/wp\/v2\/posts"}],"about":[{"href":"https:\/\/tvc16.com\/portal\/wp-json\/wp\/v2\/types\/post"}],"author":[{"embeddable":true,"href":"https:\/\/tvc16.com\/portal\/wp-json\/wp\/v2\/users\/2"}],"replies":[{"embeddable":true,"href":"https:\/\/tvc16.com\/portal\/wp-json\/wp\/v2\/comments?post=57054"}],"version-history":[{"count":1,"href":"https:\/\/tvc16.com\/portal\/wp-json\/wp\/v2\/posts\/57054\/revisions"}],"predecessor-version":[{"id":57056,"href":"https:\/\/tvc16.com\/portal\/wp-json\/wp\/v2\/posts\/57054\/revisions\/57056"}],"wp:featuredmedia":[{"embeddable":true,"href":"https:\/\/tvc16.com\/portal\/wp-json\/wp\/v2\/media\/57055"}],"wp:attachment":[{"href":"https:\/\/tvc16.com\/portal\/wp-json\/wp\/v2\/media?parent=57054"}],"wp:term":[{"taxonomy":"category","embeddable":true,"href":"https:\/\/tvc16.com\/portal\/wp-json\/wp\/v2\/categories?post=57054"},{"taxonomy":"post_tag","embeddable":true,"href":"https:\/\/tvc16.com\/portal\/wp-json\/wp\/v2\/tags?post=57054"}],"curies":[{"name":"wp","href":"https:\/\/api.w.org\/{rel}","templated":true}]}}