{"id":57057,"date":"2023-04-09T13:01:00","date_gmt":"2023-04-09T16:01:00","guid":{"rendered":"https:\/\/tvc16.com\/portal\/?p=57057"},"modified":"2023-04-08T18:05:55","modified_gmt":"2023-04-08T21:05:55","slug":"governo-federal-vai-limitar-capacidade-do-aeroporto-santos-dumont","status":"publish","type":"post","link":"https:\/\/tvc16.com\/portal\/2023\/04\/09\/governo-federal-vai-limitar-capacidade-do-aeroporto-santos-dumont\/","title":{"rendered":"Governo federal vai limitar capacidade do aeroporto Santos Dumont"},"content":{"rendered":"\n<p>O ministro de Portos e Aeroportos, M\u00e1rcio Fran\u00e7a, disse que vai limitar a capacidade operacional do aeroporto Santos Dumont, no Rio de Janeiro. Vai ser estabelecida uma redu\u00e7\u00e3o no volume registrado em 2022. Este ano, o n\u00famero de passageiros dever\u00e1 ficar abaixo de 10 milh\u00f5es. O objetivo \u00e9 tentar aumentar a quantidade de voos no aeroporto internacional Tom Jobim, o Gale\u00e3o, que teve queda nos \u00faltimos anos.<\/p>\n\n\n\n<p>\u201cN\u00f3s vamos retomar o protagonismo do Gale\u00e3o! Esse \u00e9 um compromisso nosso demonstrado desde o in\u00edcio do Governo Lula. Cabe esclarecer que a Secretaria de Avia\u00e7\u00e3o Civil est\u00e1 elaborando estudos com poss\u00edveis solu\u00e7\u00f5es para ampliar o n\u00famero de passageiros no aeroporto\u201d, afirmou o ministro em suas redes sociais<\/p>\n\n\n\n<p>Fran\u00e7a garantiu que vai apresentar outras solu\u00e7\u00f5es na reuni\u00e3o com o governador do estado, Cl\u00e1udio Castro, e o prefeito, Eduardo Paes, marcada para o dia 24 deste m\u00eas. Tamb\u00e9m por meio de uma rede social, o prefeito do Rio disse que h\u00e1 riscos na \u201cquantidade absurda\u201d de voos que o Santos Dumont tem recebido.<\/p>\n\n\n\n<p>\u201cAcho o Santos Dumont um charme e de f\u00e1cil acesso. S\u00f3 tem um problema: n\u00e3o \u00e9 um aeroporto internacional. E uma cidade como a nossa n\u00e3o pode prescindir de um aeroporto internacional com v\u00e1rias conex\u00f5es internacionais. J\u00e1 fizeram um monte de maldades contra o Rio. N\u00e3o podemos permitir mais essa. Essa \u00e9 uma disputa crucial para o Rio\u201d.<\/p>\n","protected":false},"excerpt":{"rendered":"<p>O ministro de Portos e Aeroportos, M\u00e1rcio Fran\u00e7a, disse que vai limitar a capacidade operacional<\/p>\n","protected":false},"author":2,"featured_media":57058,"comment_status":"open","ping_status":"open","sticky":false,"template":"","format":"standard","meta":{"footnotes":""},"categories":[264,17],"tags":[],"class_list":["post-57057","post","type-post","status-publish","format-standard","has-post-thumbnail","hentry","category-destaque","category-outras-noticias"],"_links":{"self":[{"href":"https:\/\/tvc16.com\/portal\/wp-json\/wp\/v2\/posts\/57057","targetHints":{"allow":["GET"]}}],"collection":[{"href":"https:\/\/tvc16.com\/portal\/wp-json\/wp\/v2\/posts"}],"about":[{"href":"https:\/\/tvc16.com\/portal\/wp-json\/wp\/v2\/types\/post"}],"author":[{"embeddable":true,"href":"https:\/\/tvc16.com\/portal\/wp-json\/wp\/v2\/users\/2"}],"replies":[{"embeddable":true,"href":"https:\/\/tvc16.com\/portal\/wp-json\/wp\/v2\/comments?post=57057"}],"version-history":[{"count":1,"href":"https:\/\/tvc16.com\/portal\/wp-json\/wp\/v2\/posts\/57057\/revisions"}],"predecessor-version":[{"id":57059,"href":"https:\/\/tvc16.com\/portal\/wp-json\/wp\/v2\/posts\/57057\/revisions\/57059"}],"wp:featuredmedia":[{"embeddable":true,"href":"https:\/\/tvc16.com\/portal\/wp-json\/wp\/v2\/media\/57058"}],"wp:attachment":[{"href":"https:\/\/tvc16.com\/portal\/wp-json\/wp\/v2\/media?parent=57057"}],"wp:term":[{"taxonomy":"category","embeddable":true,"href":"https:\/\/tvc16.com\/portal\/wp-json\/wp\/v2\/categories?post=57057"},{"taxonomy":"post_tag","embeddable":true,"href":"https:\/\/tvc16.com\/portal\/wp-json\/wp\/v2\/tags?post=57057"}],"curies":[{"name":"wp","href":"https:\/\/api.w.org\/{rel}","templated":true}]}}