{"id":57063,"date":"2023-04-09T15:00:00","date_gmt":"2023-04-09T18:00:00","guid":{"rendered":"https:\/\/tvc16.com\/portal\/?p=57063"},"modified":"2023-04-08T18:33:23","modified_gmt":"2023-04-08T21:33:23","slug":"martine-e-kahena-conquistam-tradicional-evento-de-vela-na-espanha","status":"publish","type":"post","link":"https:\/\/tvc16.com\/portal\/2023\/04\/09\/martine-e-kahena-conquistam-tradicional-evento-de-vela-na-espanha\/","title":{"rendered":"Martine e Kahena conquistam tradicional evento de vela na Espanha"},"content":{"rendered":"\n<p>As velejadoras&nbsp;brasileiras Martine Grael e&nbsp;Kahena Kunze conquistaram a 52\u00aa edi\u00e7\u00e3o do Trof\u00e9u Princesa Sofia, um dos mais tradicionais da vela ol\u00edmpica, realizado em Palma de Maiorca (Espanha). Elas venceram, neste s\u00e1bado (8), a \u00faltima regata da 49erFX, classe da qual s\u00e3o as atuais bicampe\u00e3s ol\u00edmpicas. A conquista coroou uma campanha de regularidade, com uma arrancada decisiva na reta final.<\/p>\n\n\n\n<p>Nas competi\u00e7\u00f5es de vela, os participantes recebem pontos a cada regata &#8211; quanto melhor a coloca\u00e7\u00e3o, menor a pontua\u00e7\u00e3o. Martine e Kahena finalizaram a disputa com 61 pontos, 15 a menos que as holandesas Odile Van Aanholt e Annette Duetz, campe\u00e3s mundiais da classe. As argentinas Maria Branz e Cecilia Saroli ficaram com o bronze. A parceria verde e amarela j\u00e1 tinha vencido o Princesa Sofia em 2019. No ano passado, elas foram prata.<\/p>\n\n\n\n<p>As brasileiras ocupavam a s\u00e9tima posi\u00e7\u00e3o ap\u00f3s as seis primeiras disputas, tendo um segundo lugar como melhor resultado, na quinta etapa. Nas seis provas seguintes, foram duas vit\u00f3rias e presen\u00e7a cont\u00ednua no top-10, assumindo a lideran\u00e7a geral. Elas chegaram \u00e0 regata deste s\u00e1bado (tamb\u00e9m chamada \u201cregata da medalha\u201d, com pontua\u00e7\u00e3o dobrada) podendo ser campe\u00e3s at\u00e9 se terminassem em sexto, mas asseguraram o t\u00edtulo com mais um triunfo.<\/p>\n\n\n\n<p>\u201cPercebemos que as novas gera\u00e7\u00f5es est\u00e3o chegando fortes. Tivemos lutas interessantes com algumas delas. As argentinas [Branz e Saroli] velejaram muito r\u00e1pido em algumas condi\u00e7\u00f5es, as holandesas [Van Aanholt e Duetz]&#8230; Mas, alcan\u00e7amos nosso objetivo e cumprimos o que planejamos. Fomos velozes na regata da medalha e isso nos permitiu vencer. Como um time, temos de estar orgulhosas de n\u00f3s\u201d, comentou Kahena ao site oficial do Princesa Sofia.<\/p>\n\n\n\n<p>O evento em Maiorca reuniu 1,2 mil atletas de 67 pa\u00edses, em oito categorias. O Brasil foi representado por 21 velejadores. O melhor resultado &#8211; fora o de Martine e Kahena &#8211; foi o 11\u00ba lugar do maranhense Bruno Lobo na F\u00f3rmula Kite, que estrear\u00e1 como classe ol\u00edmpica da vela nos Jogos de Paris (Fran\u00e7a), no ano que vem.<\/p>\n\n\n\n<p>O pr\u00f3ximo compromisso da vela brasileira \u00e9 a Semana Ol\u00edmpica Francesa, entre os dias 22 e 29 deste m\u00eas, em Hyeres. O principal torneio da temporada \u00e9 o Campeonato Mundial de Haia (Holanda), de 10 a 20 de agosto. A competi\u00e7\u00e3o definir\u00e1 vagas para Paris.<\/p>\n\n\n\n<p>A vela \u00e9 a segunda modalidade que mais rendeu medalhas ol\u00edmpicas ao Brasil (19) e que mais assegurou ouros (oito). Desde o bronze de Reinaldo Conrad e Burkhard Cordes, nos Jogos da Cidade do M\u00e9xico, em 1968, que o Brasil \u00e9 participa\u00e7\u00e3o constante no p\u00f3dio da modalidade na Olimp\u00edada. O Brasil esteve ausente dos tr\u00eas primeiros lugares apenas nas edi\u00e7\u00f5es de 1972, em Munique (Alemanha); e 1992, em Barcelona (Espanha).<\/p>\n","protected":false},"excerpt":{"rendered":"<p>As velejadoras&nbsp;brasileiras Martine Grael e&nbsp;Kahena Kunze conquistaram a 52\u00aa edi\u00e7\u00e3o do Trof\u00e9u Princesa Sofia, um<\/p>\n","protected":false},"author":2,"featured_media":57064,"comment_status":"open","ping_status":"open","sticky":false,"template":"","format":"standard","meta":{"footnotes":""},"categories":[264,17,14],"tags":[],"class_list":["post-57063","post","type-post","status-publish","format-standard","has-post-thumbnail","hentry","category-destaque","category-outras-noticias","category-pais"],"_links":{"self":[{"href":"https:\/\/tvc16.com\/portal\/wp-json\/wp\/v2\/posts\/57063","targetHints":{"allow":["GET"]}}],"collection":[{"href":"https:\/\/tvc16.com\/portal\/wp-json\/wp\/v2\/posts"}],"about":[{"href":"https:\/\/tvc16.com\/portal\/wp-json\/wp\/v2\/types\/post"}],"author":[{"embeddable":true,"href":"https:\/\/tvc16.com\/portal\/wp-json\/wp\/v2\/users\/2"}],"replies":[{"embeddable":true,"href":"https:\/\/tvc16.com\/portal\/wp-json\/wp\/v2\/comments?post=57063"}],"version-history":[{"count":1,"href":"https:\/\/tvc16.com\/portal\/wp-json\/wp\/v2\/posts\/57063\/revisions"}],"predecessor-version":[{"id":57065,"href":"https:\/\/tvc16.com\/portal\/wp-json\/wp\/v2\/posts\/57063\/revisions\/57065"}],"wp:featuredmedia":[{"embeddable":true,"href":"https:\/\/tvc16.com\/portal\/wp-json\/wp\/v2\/media\/57064"}],"wp:attachment":[{"href":"https:\/\/tvc16.com\/portal\/wp-json\/wp\/v2\/media?parent=57063"}],"wp:term":[{"taxonomy":"category","embeddable":true,"href":"https:\/\/tvc16.com\/portal\/wp-json\/wp\/v2\/categories?post=57063"},{"taxonomy":"post_tag","embeddable":true,"href":"https:\/\/tvc16.com\/portal\/wp-json\/wp\/v2\/tags?post=57063"}],"curies":[{"name":"wp","href":"https:\/\/api.w.org\/{rel}","templated":true}]}}