{"id":57070,"date":"2023-04-08T20:00:00","date_gmt":"2023-04-08T23:00:00","guid":{"rendered":"https:\/\/tvc16.com\/portal\/?p=57070"},"modified":"2023-04-08T18:41:48","modified_gmt":"2023-04-08T21:41:48","slug":"aeronave-e-destruida-apos-fechamento-do-espaco-aereo-em-terra-yanomami","status":"publish","type":"post","link":"https:\/\/tvc16.com\/portal\/2023\/04\/08\/aeronave-e-destruida-apos-fechamento-do-espaco-aereo-em-terra-yanomami\/","title":{"rendered":"Aeronave \u00e9 destru\u00edda ap\u00f3s fechamento do espa\u00e7o a\u00e9reo em terra Yanomami"},"content":{"rendered":"\n<p>Opera\u00e7\u00e3o conjunta entre as For\u00e7as Armadas, o Instituto Brasileiro do Meio Ambiente e dos Recursos Naturais Renov\u00e1veis (Ibama) e a Pol\u00edcia Rodovi\u00e1ria Federal (PRF) destruiu uma aeronave em solo e prendeu dois homens em uma pista clandestina de garimpo ilegal, dentro da Terra Ind\u00edgena Yanomami, em Roraima, na noite da \u00faltima quinta-feira (6). Foi a primeira a\u00e7\u00e3o de policiamento ap\u00f3s o fechamento do espa\u00e7o a\u00e9reo sobre a reserva.<\/p>\n\n\n\n<p>O espa\u00e7o a\u00e9reo na Terra Ind\u00edgena Yanomami voltou a ser fechado justamente na \u00faltima quinta-feira. Antes, a\u00a0previs\u00e3o\u00a0para a retomada do fechamento era para 6 de maio, mas a medida foi antecipada para acelerar a sa\u00edda de garimpeiros ilegais que ainda est\u00e3o na regi\u00e3o.<\/p>\n\n\n\n<p>O espa\u00e7o a\u00e9reo j\u00e1 havia sido\u00a0inicialmente fechado\u00a0em 1\u00ba de fevereiro, logo ap\u00f3s o governo iniciar uma opera\u00e7\u00e3o humanit\u00e1ria em favor do povo Yanomami, e reaberto no dia 12 do mesmo m\u00eas para permitir a sa\u00edda coordenada e espont\u00e2nea de garimpeiros que atuam ilegalmente na regi\u00e3o. O controle ser\u00e1 realizado pela For\u00e7a A\u00e9rea Brasileira (FAB).<\/p>\n\n\n\n<h2 class=\"wp-block-heading\">Zona de identifica\u00e7\u00e3o<\/h2>\n\n\n\n<p>Segundo a For\u00e7a A\u00e9rea Brasileira (FAB), foi estabelecida uma Zona de Identifica\u00e7\u00e3o de Defesa A\u00e9rea (Zida) no espa\u00e7o a\u00e9reo da terra yanomami, com a proibi\u00e7\u00e3o do tr\u00e1fego a\u00e9reo, \u00e0 exce\u00e7\u00e3o de aeronaves militares ou a servi\u00e7o dos \u00f3rg\u00e3os p\u00fablicos envolvidos na Opera\u00e7\u00e3o Yanomami, desde que previamente submetidas ao processo de autoriza\u00e7\u00e3o de voo.<\/p>\n\n\n\n<p>As aeronaves que descumprirem as regras estabelecidas nas \u00e1reas determinadas pela For\u00e7a A\u00e9rea est\u00e3o sujeitas \u00e0s medidas de policiamento do espa\u00e7o a\u00e9reo (MPEA), que v\u00e3o desde a identifica\u00e7\u00e3o da aeronave, pedidos de mudan\u00e7a de rota e pouso obrigat\u00f3rio at\u00e9 tiros de advert\u00eancia e os chamados tiros de deten\u00e7\u00e3o, que s\u00e3o disparos com a finalidade de provocar danos e impedir o prosseguimento do voo da aeronave transgressora.<\/p>\n","protected":false},"excerpt":{"rendered":"<p>Opera\u00e7\u00e3o conjunta entre as For\u00e7as Armadas, o Instituto Brasileiro do Meio Ambiente e dos Recursos<\/p>\n","protected":false},"author":2,"featured_media":57071,"comment_status":"open","ping_status":"open","sticky":false,"template":"","format":"standard","meta":{"footnotes":""},"categories":[264,17,14],"tags":[],"class_list":["post-57070","post","type-post","status-publish","format-standard","has-post-thumbnail","hentry","category-destaque","category-outras-noticias","category-pais"],"_links":{"self":[{"href":"https:\/\/tvc16.com\/portal\/wp-json\/wp\/v2\/posts\/57070","targetHints":{"allow":["GET"]}}],"collection":[{"href":"https:\/\/tvc16.com\/portal\/wp-json\/wp\/v2\/posts"}],"about":[{"href":"https:\/\/tvc16.com\/portal\/wp-json\/wp\/v2\/types\/post"}],"author":[{"embeddable":true,"href":"https:\/\/tvc16.com\/portal\/wp-json\/wp\/v2\/users\/2"}],"replies":[{"embeddable":true,"href":"https:\/\/tvc16.com\/portal\/wp-json\/wp\/v2\/comments?post=57070"}],"version-history":[{"count":1,"href":"https:\/\/tvc16.com\/portal\/wp-json\/wp\/v2\/posts\/57070\/revisions"}],"predecessor-version":[{"id":57072,"href":"https:\/\/tvc16.com\/portal\/wp-json\/wp\/v2\/posts\/57070\/revisions\/57072"}],"wp:featuredmedia":[{"embeddable":true,"href":"https:\/\/tvc16.com\/portal\/wp-json\/wp\/v2\/media\/57071"}],"wp:attachment":[{"href":"https:\/\/tvc16.com\/portal\/wp-json\/wp\/v2\/media?parent=57070"}],"wp:term":[{"taxonomy":"category","embeddable":true,"href":"https:\/\/tvc16.com\/portal\/wp-json\/wp\/v2\/categories?post=57070"},{"taxonomy":"post_tag","embeddable":true,"href":"https:\/\/tvc16.com\/portal\/wp-json\/wp\/v2\/tags?post=57070"}],"curies":[{"name":"wp","href":"https:\/\/api.w.org\/{rel}","templated":true}]}}