{"id":57073,"date":"2023-04-09T10:30:00","date_gmt":"2023-04-09T13:30:00","guid":{"rendered":"https:\/\/tvc16.com\/portal\/?p=57073"},"modified":"2023-04-08T18:49:46","modified_gmt":"2023-04-08T21:49:46","slug":"prefeitura-inicia-reforma-da-ciclovia-do-parque-de-itaipava","status":"publish","type":"post","link":"https:\/\/tvc16.com\/portal\/2023\/04\/09\/prefeitura-inicia-reforma-da-ciclovia-do-parque-de-itaipava\/","title":{"rendered":"Prefeitura inicia reforma da ciclovia do Parque de Itaipava"},"content":{"rendered":"\n<p>A reforma ter\u00e1 in\u00edcio nesta semana e, com isso, at\u00e9 16 de abril, o espa\u00e7o destinado a ciclovia no Parque Municipal Paulo Rattes, em Itaipava, ficar\u00e1 fechado para pedestres, corredores e ciclistas. Esta faz parte de um conjunto de melhorias no parque, que agora est\u00e1 sob a gest\u00e3o da Secretaria de Meio Ambiente. <\/p>\n\n\n\n<p>Al\u00e9m da ciclovia, a Prefeitura tamb\u00e9m far\u00e1 nesta pr\u00f3xima semana a recupera\u00e7\u00e3o da pista de pump track.<\/p>\n\n\n\n<p>Outra melhoria no parque j\u00e1 foi iniciada: a implanta\u00e7\u00e3o de biodigestores nos banheiros. Com isso, os dejetos passam a ser tratados no pr\u00f3prio parque. Um sistema no qual a \u00e1gua sai limpa e pode ser reaproveitada. E n\u00e3o mais a necessidade de um caminh\u00e3o ir at\u00e9 o parque para buscar esses dejetos.<\/p>\n\n\n\n<p>&#8220;Outras a\u00e7\u00f5es est\u00e3o previstas para o parque. Vamos incrementar a arboriza\u00e7\u00e3o do parque, reformar o espa\u00e7o dos brinquedos, colocar mais bancos, entre outras melhorias. Sobre o fechamento da ciclovia para as obras, a previs\u00e3o \u00e9 que dure uma semana. Os frequentadores devem acompanhar as redes sociais da Prefeitura, porque divulgaremos por l\u00e1 e tamb\u00e9m pela imprensa a reabertura da pista&#8221;, disse o secret\u00e1rio do Meio Ambiente, Carlos Alberto Muniz.<\/p>\n\n\n\n<p>Com rela\u00e7\u00e3o \u00e0 ilumina\u00e7\u00e3o, a Prefeitura comprou 4 mil l\u00e2mpadas de LED para serem instaladas no parque. A substitui\u00e7\u00e3o das convencionais significar\u00e1 mais efici\u00eancia, economia aos cofres p\u00fablicos e respeito ao meio ambiente.<\/p>\n","protected":false},"excerpt":{"rendered":"<p>A reforma ter\u00e1 in\u00edcio nesta semana e, com isso, at\u00e9 16 de abril, o espa\u00e7o<\/p>\n","protected":false},"author":2,"featured_media":37503,"comment_status":"open","ping_status":"open","sticky":false,"template":"","format":"standard","meta":{"footnotes":""},"categories":[12,21,264,20],"tags":[],"class_list":["post-57073","post","type-post","status-publish","format-standard","has-post-thumbnail","hentry","category-cidade","category-cultura","category-destaque","category-esporte"],"_links":{"self":[{"href":"https:\/\/tvc16.com\/portal\/wp-json\/wp\/v2\/posts\/57073","targetHints":{"allow":["GET"]}}],"collection":[{"href":"https:\/\/tvc16.com\/portal\/wp-json\/wp\/v2\/posts"}],"about":[{"href":"https:\/\/tvc16.com\/portal\/wp-json\/wp\/v2\/types\/post"}],"author":[{"embeddable":true,"href":"https:\/\/tvc16.com\/portal\/wp-json\/wp\/v2\/users\/2"}],"replies":[{"embeddable":true,"href":"https:\/\/tvc16.com\/portal\/wp-json\/wp\/v2\/comments?post=57073"}],"version-history":[{"count":1,"href":"https:\/\/tvc16.com\/portal\/wp-json\/wp\/v2\/posts\/57073\/revisions"}],"predecessor-version":[{"id":57074,"href":"https:\/\/tvc16.com\/portal\/wp-json\/wp\/v2\/posts\/57073\/revisions\/57074"}],"wp:featuredmedia":[{"embeddable":true,"href":"https:\/\/tvc16.com\/portal\/wp-json\/wp\/v2\/media\/37503"}],"wp:attachment":[{"href":"https:\/\/tvc16.com\/portal\/wp-json\/wp\/v2\/media?parent=57073"}],"wp:term":[{"taxonomy":"category","embeddable":true,"href":"https:\/\/tvc16.com\/portal\/wp-json\/wp\/v2\/categories?post=57073"},{"taxonomy":"post_tag","embeddable":true,"href":"https:\/\/tvc16.com\/portal\/wp-json\/wp\/v2\/tags?post=57073"}],"curies":[{"name":"wp","href":"https:\/\/api.w.org\/{rel}","templated":true}]}}