{"id":57075,"date":"2023-04-09T08:53:21","date_gmt":"2023-04-09T11:53:21","guid":{"rendered":"https:\/\/tvc16.com\/portal\/?p=57075"},"modified":"2023-04-10T06:58:36","modified_gmt":"2023-04-10T09:58:36","slug":"secretaria-de-educacao-tranquiliza-a-populacao-com-reforco-na-seguranca-das-escolas-de-petropolis-como-medida-preventiva-contra-supostas-ameacas-de-ataques","status":"publish","type":"post","link":"https:\/\/tvc16.com\/portal\/2023\/04\/09\/secretaria-de-educacao-tranquiliza-a-populacao-com-reforco-na-seguranca-das-escolas-de-petropolis-como-medida-preventiva-contra-supostas-ameacas-de-ataques\/","title":{"rendered":"Pol\u00edcia Militar e Secretaria de Educa\u00e7\u00e3o tranquilizam a popula\u00e7\u00e3o com refor\u00e7o na seguran\u00e7a das escolas de Petr\u00f3polis como medida preventiva contra supostas amea\u00e7as de ataques"},"content":{"rendered":"\n<p>Grupos de compartilhamento de mensagem pela internet receberam, ao longo deste s\u00e1bado, 08, supostas amea\u00e7as de ataque nas escolas da cidade a partir desta segunda-feira, 10, deixando pais e respons\u00e1veis preocupados. Entre os alvos, estariam escolas na regi\u00e3o do Bingen e do Centro da cidade.<\/p>\n\n\n\n<p>Nossa equipe entrou em contato com as pol\u00edcias Militar, Civil e com a Prefeitura, que nos enviaram os seguintes comunicados:<\/p>\n\n\n\n<p>A Assessoria de Imprensa da Secretaria de Estado de Pol\u00edcia Militar informa que, de acordo com o 26\u00baBPM, a unidade est\u00e1 ciente e o policiamento ser\u00e1 intensificado nas escolas citadas nas mensagens que circulam nas redes sociais. Al\u00e9m disso, a unidade est\u00e1 em contato direto com as secretarias municipal e estadual de educa\u00e7\u00e3o.&nbsp;&nbsp;<\/p>\n\n\n\n<p>A Prefeitura de Petr\u00f3polis informa que vem tra\u00e7ando estrat\u00e9gias de curt\u00edssimo, curto, m\u00e9dio e longo prazo para garantir a seguran\u00e7a nas escolas da cidade.<\/p>\n\n\n\n<p>Nesse sentido, a Secretaria de Educa\u00e7\u00e3o est\u00e1 em conversas com a Pol\u00edcia Militar (por meio do Patrulhamento Motorizado Especial Escolar e do 26\u00b0 Batalh\u00e3o) e com a Guarda Civil Municipal para o refor\u00e7o no patrulhamento escolar j\u00e1 para a partir desta segunda-feira (10).<\/p>\n\n\n\n<p>Outras a\u00e7\u00f5es de promo\u00e7\u00e3o da seguran\u00e7a escolar ser\u00e3o anunciadas nos pr\u00f3ximos dias pela Prefeitura, envolvendo todo o governo municipal.<\/p>\n\n\n\n<p>Na manh\u00e3 deste s\u00e1bado (8), a Secretaria de Educa\u00e7\u00e3o orientou os diretores das escolas municipais a registrarem boletim de ocorr\u00eancia na Pol\u00edcia Civil caso as unidades sejam alvo de qualquer amea\u00e7a (via redes sociais, por exemplo).<\/p>\n\n\n\n<p>\u201cEstamos atentos aos \u00faltimos acontecimentos em escolas no pa\u00eds. Em Petr\u00f3polis, os \u00faltimos dias foram de trabalho, de planejamento para garantir a seguran\u00e7a das nossas escolas. Vamos envolver todo o governo em uma s\u00e9rie de medidas nesse sentido&#8221;, disse o prefeito Rubens Bomtempo.<\/p>\n\n\n\n<p>J\u00e1 a Secretaria de Estado de Educa\u00e7\u00e3o informa que tomou conhecimento dessa den\u00fancia e a unidade est\u00e1 acionando as pol\u00edcias Militar e Civil, al\u00e9m do Conselho Tutelar. A dire\u00e7\u00e3o das unidades escolares tamb\u00e9m est\u00e3o orientadas quanto ao emprego dos protocolos de seguran\u00e7a. A Seeduc permanece atenta ao caso.<\/p>\n\n\n\n<p>Vale lembrar que o governador Cl\u00e1udio Castro anunciou, na quinta-feira (30\/3), a cria\u00e7\u00e3o de um Comit\u00ea Permanente de Seguran\u00e7a Escolar com representantes de v\u00e1rios \u00f3rg\u00e3os do governo e entidades civis. O objetivo \u00e9 implantar a\u00e7\u00f5es para identificar e evitar situa\u00e7\u00f5es de viol\u00eancia nas escolas.<\/p>\n","protected":false},"excerpt":{"rendered":"<p>Grupos de compartilhamento de mensagem pela internet receberam, ao longo deste s\u00e1bado, 08, supostas amea\u00e7as<\/p>\n","protected":false},"author":2,"featured_media":39721,"comment_status":"open","ping_status":"open","sticky":false,"template":"","format":"standard","meta":{"footnotes":""},"categories":[12,264,19],"tags":[],"class_list":["post-57075","post","type-post","status-publish","format-standard","has-post-thumbnail","hentry","category-cidade","category-destaque","category-educacao"],"_links":{"self":[{"href":"https:\/\/tvc16.com\/portal\/wp-json\/wp\/v2\/posts\/57075","targetHints":{"allow":["GET"]}}],"collection":[{"href":"https:\/\/tvc16.com\/portal\/wp-json\/wp\/v2\/posts"}],"about":[{"href":"https:\/\/tvc16.com\/portal\/wp-json\/wp\/v2\/types\/post"}],"author":[{"embeddable":true,"href":"https:\/\/tvc16.com\/portal\/wp-json\/wp\/v2\/users\/2"}],"replies":[{"embeddable":true,"href":"https:\/\/tvc16.com\/portal\/wp-json\/wp\/v2\/comments?post=57075"}],"version-history":[{"count":4,"href":"https:\/\/tvc16.com\/portal\/wp-json\/wp\/v2\/posts\/57075\/revisions"}],"predecessor-version":[{"id":57124,"href":"https:\/\/tvc16.com\/portal\/wp-json\/wp\/v2\/posts\/57075\/revisions\/57124"}],"wp:featuredmedia":[{"embeddable":true,"href":"https:\/\/tvc16.com\/portal\/wp-json\/wp\/v2\/media\/39721"}],"wp:attachment":[{"href":"https:\/\/tvc16.com\/portal\/wp-json\/wp\/v2\/media?parent=57075"}],"wp:term":[{"taxonomy":"category","embeddable":true,"href":"https:\/\/tvc16.com\/portal\/wp-json\/wp\/v2\/categories?post=57075"},{"taxonomy":"post_tag","embeddable":true,"href":"https:\/\/tvc16.com\/portal\/wp-json\/wp\/v2\/tags?post=57075"}],"curies":[{"name":"wp","href":"https:\/\/api.w.org\/{rel}","templated":true}]}}