{"id":57082,"date":"2023-04-09T16:46:54","date_gmt":"2023-04-09T19:46:54","guid":{"rendered":"https:\/\/tvc16.com\/portal\/?p=57082"},"modified":"2023-04-09T16:46:56","modified_gmt":"2023-04-09T19:46:56","slug":"pascoa-com-esporte-e-lazer-leva-centenas-de-familias-ao-celio-de-barros","status":"publish","type":"post","link":"https:\/\/tvc16.com\/portal\/2023\/04\/09\/pascoa-com-esporte-e-lazer-leva-centenas-de-familias-ao-celio-de-barros\/","title":{"rendered":"P\u00e1scoa com esporte e lazer leva centenas de fam\u00edlias ao C\u00e9lio de Barros"},"content":{"rendered":"\n<p><em>Secretaria estadual de Esporte e Lazer &#8211; fotos: Andr\u00e9 Luiz Mello<\/em><\/p>\n\n\n\n<p>A P\u00e1scoa dos cariocas contou no s\u00e1bado, 08, com uma programa\u00e7\u00e3o especial no Maracan\u00e3. O Est\u00e1dio de Atletismo C\u00e9lio de Barros recebeu centenas de fam\u00edlias de diversas regi\u00f5es da cidade para uma programa\u00e7\u00e3o gratuita que foi muito al\u00e9m do esporte. Aberto \u00e0 crian\u00e7ada, e sem limite de idade, o evento Esporte, P\u00e1scoa e Lazer, realizado pela Secretaria estadual de Esporte e Lazer e pela Suderj, ofereceu brincadeiras, feira de ci\u00eancias, rodas de leitura e muitas op\u00e7\u00f5es de divers\u00e3o que agitaram a P\u00e1scoa dos pequenos. Os pais tamb\u00e9m aproveitaram o evento para emitir documentos, tirar d\u00favidas sobre benef\u00edcios e ainda se candidatar a vagas de emprego pela Secretaria de Estado de Trabalho e Renda.<\/p>\n\n\n\n<figure class=\"wp-block-image size-large\"><img loading=\"lazy\" decoding=\"async\" width=\"1024\" height=\"682\" src=\"https:\/\/tvc16.com\/portal\/wp-content\/uploads\/2023\/04\/celio-de-barros-1-1024x682.jpg\" alt=\"\" class=\"wp-image-57084\" srcset=\"https:\/\/tvc16.com\/portal\/wp-content\/uploads\/2023\/04\/celio-de-barros-1-1024x682.jpg 1024w, https:\/\/tvc16.com\/portal\/wp-content\/uploads\/2023\/04\/celio-de-barros-1-300x200.jpg 300w, https:\/\/tvc16.com\/portal\/wp-content\/uploads\/2023\/04\/celio-de-barros-1-768x512.jpg 768w, https:\/\/tvc16.com\/portal\/wp-content\/uploads\/2023\/04\/celio-de-barros-1-1536x1023.jpg 1536w, https:\/\/tvc16.com\/portal\/wp-content\/uploads\/2023\/04\/celio-de-barros-1-900x600.jpg 900w, https:\/\/tvc16.com\/portal\/wp-content\/uploads\/2023\/04\/celio-de-barros-1.jpg 1600w\" sizes=\"auto, (max-width: 1024px) 100vw, 1024px\" \/><\/figure>\n\n\n\n<p>\u2014 Esse foi mais um evento realizado gra\u00e7as \u00e0 contrapartida social da Lei de Incentivo ao Esporte do Rio de Janeiro. Foi uma manh\u00e3 de muitas intera\u00e7\u00f5es, troca de conhecimentos, feira de ci\u00eancias para as crian\u00e7as, al\u00e9m de servi\u00e7os p\u00fablicos para a popula\u00e7\u00e3o. Mais do que esporte e lazer, o Governo do Estado est\u00e1 levando cidadania \u00e0s fam\u00edlias em uma data t\u00e3o emblem\u00e1tica como a P\u00e1scoa, um papel que o Estado tem muito orgulho em poder cumprir e que pretende em breve consolidar nos munic\u00edpios de todas as regi\u00f5es do Rio de Janeiro \u2014 comentou Rafael Picciani, secret\u00e1rio de Esporte e Lazer do Estado.<\/p>\n\n\n\n<figure class=\"wp-block-gallery has-nested-images columns-default is-cropped wp-block-gallery-1 is-layout-flex wp-block-gallery-is-layout-flex\">\n<figure class=\"wp-block-image size-large\"><img loading=\"lazy\" decoding=\"async\" width=\"1024\" height=\"682\" data-id=\"57085\" src=\"https:\/\/tvc16.com\/portal\/wp-content\/uploads\/2023\/04\/Celio-de-Barros-2-1024x682.jpg\" alt=\"\" class=\"wp-image-57085\" srcset=\"https:\/\/tvc16.com\/portal\/wp-content\/uploads\/2023\/04\/Celio-de-Barros-2-1024x682.jpg 1024w, https:\/\/tvc16.com\/portal\/wp-content\/uploads\/2023\/04\/Celio-de-Barros-2-300x200.jpg 300w, https:\/\/tvc16.com\/portal\/wp-content\/uploads\/2023\/04\/Celio-de-Barros-2-768x512.jpg 768w, https:\/\/tvc16.com\/portal\/wp-content\/uploads\/2023\/04\/Celio-de-Barros-2-1536x1023.jpg 1536w, https:\/\/tvc16.com\/portal\/wp-content\/uploads\/2023\/04\/Celio-de-Barros-2-900x600.jpg 900w, https:\/\/tvc16.com\/portal\/wp-content\/uploads\/2023\/04\/Celio-de-Barros-2.jpg 1600w\" sizes=\"auto, (max-width: 1024px) 100vw, 1024px\" \/><\/figure>\n<\/figure>\n\n\n\n<p>A programa\u00e7\u00e3o come\u00e7ou \u00e0s 8h e foi at\u00e9 13h. A chuva deu uma tr\u00e9gua e as crian\u00e7as puderam ver a chegada do coelho da P\u00e1scoa que levou alegria para todos. Ao longo da manh\u00e3, o p\u00fablico participou de atividades com brinquedos infl\u00e1veis, como o futebol de sab\u00e3o e a subida na escalada. Tiveram ainda a oportunidade de treinar a mira no arco e flecha e no chute ao gol. E teve mais: lan\u00e7ado \u00e0s fam\u00edlias, o desafio de badminton e de big v\u00f4lei foi um dos disputados pelos participantes.<\/p>\n\n\n\n<figure class=\"wp-block-image size-large\"><img loading=\"lazy\" decoding=\"async\" width=\"1024\" height=\"682\" src=\"https:\/\/tvc16.com\/portal\/wp-content\/uploads\/2023\/04\/Celio-de-Barros-4-1024x682.jpg\" alt=\"\" class=\"wp-image-57086\" srcset=\"https:\/\/tvc16.com\/portal\/wp-content\/uploads\/2023\/04\/Celio-de-Barros-4-1024x682.jpg 1024w, https:\/\/tvc16.com\/portal\/wp-content\/uploads\/2023\/04\/Celio-de-Barros-4-300x200.jpg 300w, https:\/\/tvc16.com\/portal\/wp-content\/uploads\/2023\/04\/Celio-de-Barros-4-768x512.jpg 768w, https:\/\/tvc16.com\/portal\/wp-content\/uploads\/2023\/04\/Celio-de-Barros-4-1536x1023.jpg 1536w, https:\/\/tvc16.com\/portal\/wp-content\/uploads\/2023\/04\/Celio-de-Barros-4-900x600.jpg 900w, https:\/\/tvc16.com\/portal\/wp-content\/uploads\/2023\/04\/Celio-de-Barros-4.jpg 1600w\" sizes=\"auto, (max-width: 1024px) 100vw, 1024px\" \/><\/figure>\n\n\n\n<p>\u2014 Foi uma \u00f3tima oportunidade de juntar o esporte, lazer e diversos servi\u00e7os oferecidos atrav\u00e9s de \u00f3rg\u00e3os do Governo do Estado. Essa \u00e9 uma das import\u00e2ncias do esporte, quebrar paradigmas e ir al\u00e9m. Esporte tamb\u00e9m \u00e9 lazer, cultura e diversidade \u2014 afirmou o presidente da Suderj, Gelby Justo.<\/p>\n\n\n\n<p>Sess\u00f5es de leitura com o Programa Mais Leitura, da Imprensa Oficial do Estado, foram outro ponto alto da programa\u00e7\u00e3o, que contou ainda com venda e doa\u00e7\u00e3o de livros infantis.<\/p>\n\n\n\n<p>\u2014 Eu escolhi esse livro aqui porque gostei do desenho, mas eu gosto de ler tamb\u00e9m. \u00c0s vezes eu leio na biblioteca da minha escola e gosto muito \u2014 contou Daniel Souza, de 10 anos, morador do Arar\u00e1, que escolheu o livro ilustrado Soprinho, da opera\u00e7\u00e3o Lei Seca, e garantiu que j\u00e1 come\u00e7ou a ler.<\/p>\n\n\n\n<p><strong>Anima\u00e7\u00e3o e teatro de fantoches<\/strong><\/p>\n\n\n\n<p>Outras a\u00e7\u00f5es que fizeram a alegria da crian\u00e7ada foi a distribui\u00e7\u00e3o de algod\u00e3o doce, anima\u00e7\u00e3o com bola mania, al\u00e9m de esculturas feitas em bal\u00f5es, pintura facial e teatro de fantoches.<\/p>\n\n\n\n<p>\u2014 Pra mim foi \u00f3timo trazer as crian\u00e7as aqui hoje. \u00c9 bom que a gente tira o foco deles um pouco da rotina, dos problemas que a gente de comunidade vive, e oferecer uma vis\u00e3o diferente. Aqui teve divers\u00e3o, foi bom demais \u2014 disse a dona de casa Camile Marques, que levou os quatro filhos para o evento.<\/p>\n\n\n\n<p>O Esporte, P\u00e1scoa e Lazer foi realizado com a contrapartida social da Lei de Incentivo ao Esporte do Estado, pelo evento Energia em Movimento, que tem a Enel como patrocinadora. Tamb\u00e9m conta com a parceria da Secretaria de Estado de Trabalho e Renda, Secretaria de Governo, Detran\/RJ, Procon\/RJ, Cecierj, Corpo de Bombeiros, Pol\u00edcia Militar e Funda\u00e7\u00e3o Le\u00e3o XIII.<\/p>\n\n\n\n<p><strong>Confira o que rolou na programa\u00e7\u00e3o e a lista dos servi\u00e7os p\u00fablicos ofertados \u00e0 popula\u00e7\u00e3o:<\/strong><\/p>\n\n\n\n<p>\u2022 Chegada do Coelho da P\u00e1scoa;<br>\u2022 Algod\u00e3o doce;<br>\u2022 Bola Mania;<br>\u2022 Teatro com fantoches;<br>\u2022 Experimentos cient\u00edficos da Cecierj<br>. Agendamento para emiss\u00e3o de documentos (Detran\/RJ);<br>. Solicita\u00e7\u00e3o de isen\u00e7\u00f5es (Funda\u00e7\u00e3o Le\u00e3o XIII);<br>. Balc\u00e3o de empregos e consulta ao CTPS digital (Secretaria de Estado de Trabalho e Renda);<br>. Consultoria sobre os direitos do consumidor (Procon\/RJ);<br>. Orienta\u00e7\u00f5es sobre benef\u00edcios (Servi\u00e7o Social);<\/p>\n","protected":false},"excerpt":{"rendered":"<p>Secretaria estadual de Esporte e Lazer &#8211; fotos: Andr\u00e9 Luiz Mello A P\u00e1scoa dos cariocas<\/p>\n","protected":false},"author":2,"featured_media":57083,"comment_status":"open","ping_status":"open","sticky":false,"template":"","format":"standard","meta":{"footnotes":""},"categories":[21,264,19,20,17],"tags":[],"class_list":["post-57082","post","type-post","status-publish","format-standard","has-post-thumbnail","hentry","category-cultura","category-destaque","category-educacao","category-esporte","category-outras-noticias"],"_links":{"self":[{"href":"https:\/\/tvc16.com\/portal\/wp-json\/wp\/v2\/posts\/57082","targetHints":{"allow":["GET"]}}],"collection":[{"href":"https:\/\/tvc16.com\/portal\/wp-json\/wp\/v2\/posts"}],"about":[{"href":"https:\/\/tvc16.com\/portal\/wp-json\/wp\/v2\/types\/post"}],"author":[{"embeddable":true,"href":"https:\/\/tvc16.com\/portal\/wp-json\/wp\/v2\/users\/2"}],"replies":[{"embeddable":true,"href":"https:\/\/tvc16.com\/portal\/wp-json\/wp\/v2\/comments?post=57082"}],"version-history":[{"count":1,"href":"https:\/\/tvc16.com\/portal\/wp-json\/wp\/v2\/posts\/57082\/revisions"}],"predecessor-version":[{"id":57087,"href":"https:\/\/tvc16.com\/portal\/wp-json\/wp\/v2\/posts\/57082\/revisions\/57087"}],"wp:featuredmedia":[{"embeddable":true,"href":"https:\/\/tvc16.com\/portal\/wp-json\/wp\/v2\/media\/57083"}],"wp:attachment":[{"href":"https:\/\/tvc16.com\/portal\/wp-json\/wp\/v2\/media?parent=57082"}],"wp:term":[{"taxonomy":"category","embeddable":true,"href":"https:\/\/tvc16.com\/portal\/wp-json\/wp\/v2\/categories?post=57082"},{"taxonomy":"post_tag","embeddable":true,"href":"https:\/\/tvc16.com\/portal\/wp-json\/wp\/v2\/tags?post=57082"}],"curies":[{"name":"wp","href":"https:\/\/api.w.org\/{rel}","templated":true}]}}