{"id":57088,"date":"2023-04-09T19:00:00","date_gmt":"2023-04-09T22:00:00","guid":{"rendered":"https:\/\/tvc16.com\/portal\/?p=57088"},"modified":"2023-04-09T18:31:48","modified_gmt":"2023-04-09T21:31:48","slug":"operacao-escola-segura-justica-pede-exclusao-de-270-contas-do-twitter","status":"publish","type":"post","link":"https:\/\/tvc16.com\/portal\/2023\/04\/09\/operacao-escola-segura-justica-pede-exclusao-de-270-contas-do-twitter\/","title":{"rendered":"Opera\u00e7\u00e3o Escola Segura: Justi\u00e7a pede exclus\u00e3o de 270 contas do Twitter"},"content":{"rendered":"\n<p>O Minist\u00e9rio da Justi\u00e7a e Seguran\u00e7a P\u00fablica (MJSP) solicitou a exclus\u00e3o de 270 contas do Twitter que veiculavam\u00a0<em>hashtags<\/em>\u00a0relacionadas a ataques contra escolas de todo o pa\u00eds. A informa\u00e7\u00e3o foi divulgada neste domingo (9) pela pasta.\u00a0<em>Hashtags<\/em>\u00a0s\u00e3o palavras-chave ou termos associados a uma informa\u00e7\u00e3o ou discuss\u00e3o que se deseja indexar de forma expl\u00edcita em aplicativos, como Twitter e Facebook, antecedidos pelo s\u00edmbolo cerquilha (#).<\/p>\n\n\n\n<p>Segundo informou o minist\u00e9rio, por meio de sua assessoria de imprensa, tanto conte\u00fados como autores est\u00e3o sob investiga\u00e7\u00e3o. Foram cumpridos tamb\u00e9m mandados de busca, resultando na apreens\u00e3o de sete armas. Um suspeito foi preso. Foi solicitada ainda que a plataforma Tik Tok retire do ar duas contas que estavam transmitindo conte\u00fado que incitava medo nas fam\u00edlias. O trabalho foi realizado pela Diretoria de Opera\u00e7\u00f5es Integradas e de Intelig\u00eancia da Secretaria Nacional de Seguran\u00e7a P\u00fablica.<\/p>\n\n\n\n<h2 class=\"wp-block-heading\">Escola segura<\/h2>\n\n\n\n<p>Os participantes da Opera\u00e7\u00e3o Escola Segura identificaram mais de 80 perfis que tiveram seus&nbsp;<em>links<\/em>&nbsp;removidos, face \u00e0 viola\u00e7\u00e3o de pol\u00edtica da plataforma. O conte\u00fado desses&nbsp;<em>links<\/em>&nbsp;foi preservado a pedido do Minist\u00e9rio da Justi\u00e7a para que seja poss\u00edvel avan\u00e7ar nas investiga\u00e7\u00f5es. Foram realizadas diversas a\u00e7\u00f5es preventivas e repressivas contra ataques nas escolas em todo o Brasil, entre as quais a busca por perfis nas redes sociais com postagens relacionadas a crimes contra a vida e discursos de \u00f3dio.<\/p>\n\n\n\n<p>Delegacias de crimes cibern\u00e9ticos das principais regi\u00f5es brasileiras tamb\u00e9m monitoraram amea\u00e7as na internet relacionadas a poss\u00edveis ataques. Os dados est\u00e3o sendo analisados pela equipe do Laborat\u00f3rio de Opera\u00e7\u00f5es Cibern\u00e9ticas (Ciberlab), do minist\u00e9rio, que se dedicar\u00e1 exclusivamente a esse trabalho nos pr\u00f3ximos dias, em regime de plant\u00e3o 24 horas. Qualquer cidad\u00e3o poder\u00e1 denunciar amea\u00e7as ligadas \u00e0 seguran\u00e7a de escolas e alunos no\u00a0<em>site<\/em>\u00a0do Minist\u00e9rio da Justi\u00e7a e Seguran\u00e7a P\u00fablica.<\/p>\n\n\n\n<p>O canal exclusivo para receber informa\u00e7\u00f5es de casos suspeitos de ataques a institui\u00e7\u00f5es de ensino foi criado pelo minist\u00e9rio, em parceria com a SaferNet Brasil. Essa associa\u00e7\u00e3o civil de direito privado atua na promo\u00e7\u00e3o dos direitos humanos na internet e, desde 2006, oferece uma plataforma&nbsp;<em>online<\/em>&nbsp;para den\u00fancias de conte\u00fado ilegal ou prejudicial na rede. A organiza\u00e7\u00e3o atua como um canal direto entre os usu\u00e1rios da internet e as autoridades, oferecendo um ambiente seguro e confidencial para o envio das den\u00fancias.<\/p>\n\n\n\n<p>Nas a\u00e7\u00f5es que integram a Opera\u00e7\u00e3o Escola Segura, organizada pelo MJSP em parceria com os estados, trabalham de forma integrada 51 chefes de delegacias de investiga\u00e7\u00e3o e 89 chefes de ag\u00eancias de intelig\u00eancia de Seguran\u00e7a P\u00fablica (Pol\u00edcias Civis e Pol\u00edcia Militar). A opera\u00e7\u00e3o vai vigorar por tempo indeterminado, de forma cont\u00ednua e durante vinte e quatro horas por dia, reunindo centenas de profissionais.<\/p>\n\n\n\n<h2 class=\"wp-block-heading\">Levantamento<\/h2>\n\n\n\n<p>Desde o recente caso de ataque ocorrido na \u00faltima quarta-feira (5), em escola de Blumenau (SC), em que quatro crian\u00e7as morreram e, pelo menos, mais cinco ficaram feridas, o Laborat\u00f3rio de Opera\u00e7\u00f5es Cibern\u00e9ticas do MJSP tem apoiado o Grupo de Trabalho Interministerial no levantamento de informa\u00e7\u00f5es sobre poss\u00edveis amea\u00e7as \u00e0s escolas, por meio de monitoramento em redes sociais. Representantes da \u00e1rea participaram da primeira reuni\u00e3o do GT realizada na quinta-feira (6), no Minist\u00e9rio da Educa\u00e7\u00e3o (MEC).<\/p>\n\n\n\n<p>O Ciberlab atua em diversas frentes para combater os crimes virtuais. Para isso, o laborat\u00f3rio conta com uma equipe especializada em tecnologia da informa\u00e7\u00e3o, que utiliza t\u00e9cnicas avan\u00e7adas de investiga\u00e7\u00e3o para rastrear a origem de crimes virtuais e identificar os respons\u00e1veis. A partir dos crescentes casos de viol\u00eancia em centros de ensino do Brasil, o Ciberlab tamb\u00e9m tem atuado em a\u00e7\u00f5es preventivas de ataque \u00e0s escolas e creches brasileiras, produzindo relat\u00f3rios que s\u00e3o encaminhados \u00e0s pol\u00edcias estaduais de todo o pa\u00eds.<\/p>\n","protected":false},"excerpt":{"rendered":"<p>O Minist\u00e9rio da Justi\u00e7a e Seguran\u00e7a P\u00fablica (MJSP) solicitou a exclus\u00e3o de 270 contas do<\/p>\n","protected":false},"author":2,"featured_media":57089,"comment_status":"open","ping_status":"open","sticky":false,"template":"","format":"standard","meta":{"footnotes":""},"categories":[264,17,14],"tags":[],"class_list":["post-57088","post","type-post","status-publish","format-standard","has-post-thumbnail","hentry","category-destaque","category-outras-noticias","category-pais"],"_links":{"self":[{"href":"https:\/\/tvc16.com\/portal\/wp-json\/wp\/v2\/posts\/57088","targetHints":{"allow":["GET"]}}],"collection":[{"href":"https:\/\/tvc16.com\/portal\/wp-json\/wp\/v2\/posts"}],"about":[{"href":"https:\/\/tvc16.com\/portal\/wp-json\/wp\/v2\/types\/post"}],"author":[{"embeddable":true,"href":"https:\/\/tvc16.com\/portal\/wp-json\/wp\/v2\/users\/2"}],"replies":[{"embeddable":true,"href":"https:\/\/tvc16.com\/portal\/wp-json\/wp\/v2\/comments?post=57088"}],"version-history":[{"count":1,"href":"https:\/\/tvc16.com\/portal\/wp-json\/wp\/v2\/posts\/57088\/revisions"}],"predecessor-version":[{"id":57090,"href":"https:\/\/tvc16.com\/portal\/wp-json\/wp\/v2\/posts\/57088\/revisions\/57090"}],"wp:featuredmedia":[{"embeddable":true,"href":"https:\/\/tvc16.com\/portal\/wp-json\/wp\/v2\/media\/57089"}],"wp:attachment":[{"href":"https:\/\/tvc16.com\/portal\/wp-json\/wp\/v2\/media?parent=57088"}],"wp:term":[{"taxonomy":"category","embeddable":true,"href":"https:\/\/tvc16.com\/portal\/wp-json\/wp\/v2\/categories?post=57088"},{"taxonomy":"post_tag","embeddable":true,"href":"https:\/\/tvc16.com\/portal\/wp-json\/wp\/v2\/tags?post=57088"}],"curies":[{"name":"wp","href":"https:\/\/api.w.org\/{rel}","templated":true}]}}