{"id":57094,"date":"2023-04-09T21:00:00","date_gmt":"2023-04-10T00:00:00","guid":{"rendered":"https:\/\/tvc16.com\/portal\/?p=57094"},"modified":"2023-04-09T18:43:41","modified_gmt":"2023-04-09T21:43:41","slug":"governo-reconhece-situacao-de-emergencia-em-53-municipios-maranhenses","status":"publish","type":"post","link":"https:\/\/tvc16.com\/portal\/2023\/04\/09\/governo-reconhece-situacao-de-emergencia-em-53-municipios-maranhenses\/","title":{"rendered":"Governo reconhece situa\u00e7\u00e3o de emerg\u00eancia em 53 munic\u00edpios maranhenses"},"content":{"rendered":"\n<p><em>Ag\u00eancia Brasil<\/em><\/p>\n\n\n\n<p>O ministro da Integra\u00e7\u00e3o e do Desenvolvimento Regional, Waldez Go\u00e9s, informou que o governo federal&nbsp;reconheceu a situa\u00e7\u00e3o de emerg\u00eancia de 53 dos 64 munic\u00edpios que foram atingidos fortemente pelas chuvas no Maranh\u00e3o. Neste domingo (9), o presidente Luiz In\u00e1cio Lula da Silva, acompanhado de G\u00f3es e outros ministros, sobrevoou as \u00e1reas inundadas na regi\u00e3o de Trizidela do Vale e Pedreira e visitou um abrigo em Bacabal.<\/p>\n\n\n\n<p>\u201cEstamos atuando desde o primeiro momento junto com as equipes das defesas civil estadual e municipais nos planos de trabalho e at\u00e9 assessorando os munic\u00edpios nos decretos de situa\u00e7\u00e3o de emerg\u00eancia\u201d, disse G\u00f3es, em coletiva de imprensa.<\/p>\n\n\n\n<p>Segundo ele, no primeiro momento, as autoridades est\u00e3o prestando ajuda humanit\u00e1ria, com entrega de \u00e1gua, cestas b\u00e1sicas, colch\u00f5es e material de higiene. \u201cE j\u00e1 come\u00e7amos a trabalhar nos planos de restabelecimento. No que for necess\u00e1rio reconstruir, de bem p\u00fablico que seja destru\u00eddo pelo evento, \u00e9 orienta\u00e7\u00e3o do presidente Lula que a gente fa\u00e7a tamb\u00e9m\u201d, explicou o ministro.<\/p>\n\n\n\n<p>O governador do Maranh\u00e3o, Carlos Brand\u00e3o (PSB), afirmou que n\u00e3o tem faltado apoio do governo federal e disse que j\u00e1 s\u00e3o mais de 7,5 mil fam\u00edlias desabrigadas e 35 mil afetadas pelas inunda\u00e7\u00f5es nos 64 munic\u00edpios do estado em\u00a0situa\u00e7\u00e3o de emerg\u00eancia.<\/p>\n\n\n\n<p>Desde mar\u00e7o, seis mortes foram registradas por causa das fortes chuvas e comunidades inteiras est\u00e3o isoladas. Em todo o estado, nove rios, al\u00e9m de riachos e a\u00e7udes, transbordaram. Uma das cidades mais prejudicadas \u00e9 Trizidela do Vale. A prefeitura antecipou as f\u00e9rias dos estudantes de julho para abril, porque cinco escolas est\u00e3o alagadas e outras sete servem de abrigo no momento.<\/p>\n","protected":false},"excerpt":{"rendered":"<p>Ag\u00eancia Brasil O ministro da Integra\u00e7\u00e3o e do Desenvolvimento Regional, Waldez Go\u00e9s, informou que o<\/p>\n","protected":false},"author":2,"featured_media":57095,"comment_status":"open","ping_status":"open","sticky":false,"template":"","format":"standard","meta":{"footnotes":""},"categories":[264,17,14],"tags":[],"class_list":["post-57094","post","type-post","status-publish","format-standard","has-post-thumbnail","hentry","category-destaque","category-outras-noticias","category-pais"],"_links":{"self":[{"href":"https:\/\/tvc16.com\/portal\/wp-json\/wp\/v2\/posts\/57094","targetHints":{"allow":["GET"]}}],"collection":[{"href":"https:\/\/tvc16.com\/portal\/wp-json\/wp\/v2\/posts"}],"about":[{"href":"https:\/\/tvc16.com\/portal\/wp-json\/wp\/v2\/types\/post"}],"author":[{"embeddable":true,"href":"https:\/\/tvc16.com\/portal\/wp-json\/wp\/v2\/users\/2"}],"replies":[{"embeddable":true,"href":"https:\/\/tvc16.com\/portal\/wp-json\/wp\/v2\/comments?post=57094"}],"version-history":[{"count":1,"href":"https:\/\/tvc16.com\/portal\/wp-json\/wp\/v2\/posts\/57094\/revisions"}],"predecessor-version":[{"id":57096,"href":"https:\/\/tvc16.com\/portal\/wp-json\/wp\/v2\/posts\/57094\/revisions\/57096"}],"wp:featuredmedia":[{"embeddable":true,"href":"https:\/\/tvc16.com\/portal\/wp-json\/wp\/v2\/media\/57095"}],"wp:attachment":[{"href":"https:\/\/tvc16.com\/portal\/wp-json\/wp\/v2\/media?parent=57094"}],"wp:term":[{"taxonomy":"category","embeddable":true,"href":"https:\/\/tvc16.com\/portal\/wp-json\/wp\/v2\/categories?post=57094"},{"taxonomy":"post_tag","embeddable":true,"href":"https:\/\/tvc16.com\/portal\/wp-json\/wp\/v2\/tags?post=57094"}],"curies":[{"name":"wp","href":"https:\/\/api.w.org\/{rel}","templated":true}]}}