{"id":57097,"date":"2023-04-10T07:00:00","date_gmt":"2023-04-10T10:00:00","guid":{"rendered":"https:\/\/tvc16.com\/portal\/?p=57097"},"modified":"2023-04-09T19:15:50","modified_gmt":"2023-04-09T22:15:50","slug":"presidencia-defende-atuacao-conjunta-de-governos-para-evitar-novas-tragedias","status":"publish","type":"post","link":"https:\/\/tvc16.com\/portal\/2023\/04\/10\/presidencia-defende-atuacao-conjunta-de-governos-para-evitar-novas-tragedias\/","title":{"rendered":"Presid\u00eancia defende atua\u00e7\u00e3o conjunta de governos para evitar novas trag\u00e9dias"},"content":{"rendered":"\n<p><em>Ag\u00eancia Brasil<\/em><\/p>\n\n\n\n<p>Neste domingo (9),\u00a0o presidente e seus ministros da Justi\u00e7a e Seguran\u00e7a P\u00fablica, da Secretaria de Comunica\u00e7\u00e3o, al\u00e9m de parlamentares maranhenses e prefeitos de cidades atingidas, sobrevoaram \u00e1reas inundadas na regi\u00e3o de Trizidela do Vale e Pedreira, e tamb\u00e9m visitaram um abrigo em Bacabal, munic\u00edpios do Maranh\u00e3o que s\u00e3o afetados por chuvas intensas.<\/p>\n\n\n\n<p>Em coletiva de imprensa o presidente afirmou que ser\u00e1 preciso convencer as pessoas de que n\u00e3o \u00e9 mais poss\u00edvel construir casas no lugar onde \u00e9 poss\u00edvel que aconte\u00e7am enchentes novamente. E que morar t\u00e3o perto do rio vai provocar novos sofrimentos \u00e0 popula\u00e7\u00e3o.<\/p>\n\n\n\n<p>Lula viaja para a China nesta ter\u00e7a-feira (11), ele citou tamb\u00e9m o Cear\u00e1, onde 19 munic\u00edpios decretaram situa\u00e7\u00e3o de emerg\u00eancia e um decretou calamidade p\u00fablica.<\/p>\n\n\n\n<blockquote class=\"wp-block-quote is-layout-flow wp-block-quote-is-layout-flow\">\n<p>No Maranh\u00e3o,&nbsp;mais de 7,5 mil fam\u00edlias est\u00e3o desabrigadas e 35 mil afetadas pelas inunda\u00e7\u00f5es nos 64 munic\u00edpios do estado em&nbsp;situa\u00e7\u00e3o de emerg\u00eancia. Desse total, o governo federal&nbsp;fez a homologa\u00e7\u00e3o de 53.<\/p>\n\n\n\n<p>Com o reconhecimento da situa\u00e7\u00e3o de emerg\u00eancia ou de calamidade p\u00fablica, que \u00e9 um caso mais grave, os munic\u00edpios afetados podem receber verbas federais por meio do Minist\u00e9rio da Integra\u00e7\u00e3o e do Desenvolvimento Regional.<\/p>\n\n\n\n<p>Na semana passada, um decreto de emerg\u00eancia do MIDR, repassou o valor de R$ 3,8 milh\u00f5es para ajuda aos munic\u00edpios. At\u00e9 o momento, o Governo Federal&nbsp;aprovou mais de R$ 12 milh\u00f5es para aux\u00edlio. <\/p>\n\n\n\n<p>Por causa das chuvas, a prefeitura de Trizidela antecipou as f\u00e9rias dos estudantes, j\u00e1 que cinco escolas est\u00e3o alagadas e outras sete servem de abrigo. De acordo com a prefeitura de Bacabal, as fam\u00edlias da regi\u00e3o come\u00e7am a ser afetadas quando o rio Mearim, que corta a regi\u00e3o, ultrapassa o n\u00edvel de 6 metros acima do normal. Nesse final de semana, o rio ultrapassou 8,3 metros acima do n\u00edvel normal.<\/p>\n\n\n\n<p>A cidade maranhense de Buriticupu tamb\u00e9m decretou estado de calamidade p\u00fablica. A&nbsp;395 quil\u00f4metros de S\u00e3o Lu\u00eds e&nbsp;com cerca de 72 mil habitantes, o munic\u00edpio \u00e9&nbsp;assolado por vo\u00e7orocas, fen\u00f4meno geol\u00f3gico que cria crateras gigantes. Segundo as autoridades maranhenses, algumas fendas chegam a medir 600 metros de extens\u00e3o e 70 de profundidade.<\/p>\n<\/blockquote>\n\n\n\n<p>O governo federal ainda trabalha, junto com as equipes de defesa civil, na ajuda humanit\u00e1ria \u00e0s fam\u00edlias, com distribui\u00e7\u00e3o de \u00e1gua, cestas b\u00e1sicas, colch\u00f5es e material de higiene.<\/p>\n\n\n\n<p>Desde mar\u00e7o, seis mortes foram registradas por causa das fortes chuvas e comunidades inteiras est\u00e3o isoladas. Em todo o estado, nove rios, al\u00e9m de riachos e a\u00e7udes, transbordaram.<\/p>\n\n\n\n<h2 class=\"wp-block-heading\">Alerta<\/h2>\n\n\n\n<p>Bombeiros e Defesa Civil tamb\u00e9m percorreram comunidades ao longo do Rio Itapecuru, que corta o Estado, para alertar os moradores da regi\u00e3o. \u00c9 que o n\u00edvel do rio subiu em v\u00e1rias cidades, atingindo a cota de inunda\u00e7\u00e3o desde o in\u00edcio do m\u00eas, como \u00e9 o caso de Itapecuru Mirim, Cantanhede e Cod\u00f3. De acordo com o Servi\u00e7o Geol\u00f3gico do Brasil, o n\u00edvel das \u00e1guas na cidade de Itapecuru Mirim ultrapassou os 15 metros acima do n\u00edvel normal na semana passada.<\/p>\n","protected":false},"excerpt":{"rendered":"<p>Ag\u00eancia Brasil Neste domingo (9),\u00a0o presidente e seus ministros da Justi\u00e7a e Seguran\u00e7a P\u00fablica, da<\/p>\n","protected":false},"author":2,"featured_media":57098,"comment_status":"open","ping_status":"open","sticky":false,"template":"","format":"standard","meta":{"footnotes":""},"categories":[264,17,14],"tags":[],"class_list":["post-57097","post","type-post","status-publish","format-standard","has-post-thumbnail","hentry","category-destaque","category-outras-noticias","category-pais"],"_links":{"self":[{"href":"https:\/\/tvc16.com\/portal\/wp-json\/wp\/v2\/posts\/57097","targetHints":{"allow":["GET"]}}],"collection":[{"href":"https:\/\/tvc16.com\/portal\/wp-json\/wp\/v2\/posts"}],"about":[{"href":"https:\/\/tvc16.com\/portal\/wp-json\/wp\/v2\/types\/post"}],"author":[{"embeddable":true,"href":"https:\/\/tvc16.com\/portal\/wp-json\/wp\/v2\/users\/2"}],"replies":[{"embeddable":true,"href":"https:\/\/tvc16.com\/portal\/wp-json\/wp\/v2\/comments?post=57097"}],"version-history":[{"count":2,"href":"https:\/\/tvc16.com\/portal\/wp-json\/wp\/v2\/posts\/57097\/revisions"}],"predecessor-version":[{"id":57101,"href":"https:\/\/tvc16.com\/portal\/wp-json\/wp\/v2\/posts\/57097\/revisions\/57101"}],"wp:featuredmedia":[{"embeddable":true,"href":"https:\/\/tvc16.com\/portal\/wp-json\/wp\/v2\/media\/57098"}],"wp:attachment":[{"href":"https:\/\/tvc16.com\/portal\/wp-json\/wp\/v2\/media?parent=57097"}],"wp:term":[{"taxonomy":"category","embeddable":true,"href":"https:\/\/tvc16.com\/portal\/wp-json\/wp\/v2\/categories?post=57097"},{"taxonomy":"post_tag","embeddable":true,"href":"https:\/\/tvc16.com\/portal\/wp-json\/wp\/v2\/tags?post=57097"}],"curies":[{"name":"wp","href":"https:\/\/api.w.org\/{rel}","templated":true}]}}