{"id":57102,"date":"2023-04-10T08:00:00","date_gmt":"2023-04-10T11:00:00","guid":{"rendered":"https:\/\/tvc16.com\/portal\/?p=57102"},"modified":"2023-04-09T19:23:29","modified_gmt":"2023-04-09T22:23:29","slug":"barbara-domingos-leva-ouro-inedito-em-grand-prix-de-ginastica-ritmica","status":"publish","type":"post","link":"https:\/\/tvc16.com\/portal\/2023\/04\/10\/barbara-domingos-leva-ouro-inedito-em-grand-prix-de-ginastica-ritmica\/","title":{"rendered":"B\u00e1rbara Domingos leva ouro in\u00e9dito em Grand Prix de gin\u00e1stica r\u00edtmica"},"content":{"rendered":"\n<p><em>Lincoln Chaves \u2013 EBC<\/em><\/p>\n\n\n\n<p>Uma semana ap\u00f3s ser a primeira brasileira no p\u00f3dio de uma etapa da Copa do Mundo de gin\u00e1stica r\u00edtmica em uma disputa individual, B\u00e1rbara Domingos voltou a fazer hist\u00f3ria. Neste domingo (9), a paranaense de 23 anos venceu o Grand Prix de Thiais (Fran\u00e7a) na prova da fita. Nunca uma ginasta do pa\u00eds havia obtido uma medalha em um evento deste n\u00edvel.<\/p>\n\n\n\n<p>Babi, como \u00e9 conhecida, recebeu 31.100 pontos dos ju\u00edzes pela apresenta\u00e7\u00e3o com a fita. A h\u00fangara Fanni Pigniczki (29.250 pontos) e a francesa Hel\u00e8ne Karbanov (29.000) completaram o p\u00f3dio. Ela ainda participou da final da prova da bola em Thiais, terminando em oitavo lugar, com 26.100 pontos. No individual geral, que considera a soma das notas das exibi\u00e7\u00f5es com fita, bola, arco e ma\u00e7\u00e3s, a brasileira tamb\u00e9m ficou em oitavo, com 115.050 pontos. Karbanov levou o ouro (121.000) e Pigniczki o bronze (119.050), enquanto Zohra Aghamirova, do Azerbaij\u00e3o, conquistou a prata (119.150).<\/p>\n\n\n\n<p>O pr\u00f3ximo compromisso de B\u00e1rbara ser\u00e1 a etapa de Tashkent (Uzbequist\u00e3o) da Copa do Mundo, a partir de sexta-feira (14). Al\u00e9m dela, o Brasil ser\u00e1 representado por Maria Eduarda Alexandre, de 15 anos, que estrear\u00e1 em um evento deste n\u00edvel. As atletas embarcam nesta segunda-feira (10).<\/p>\n\n\n\n<p>O momento do Brasil na gin\u00e1stica r\u00edtmica \u00e9 hist\u00f3rico. Na semana passada, B\u00e1rbara foi a primeira atleta do pa\u00eds em um p\u00f3dio de Copa do Mundo no individual, com o bronze em Sofia (Bulg\u00e1ria). Em mar\u00e7o, na etapa de Atenas (Gr\u00e9cia), o quinteto brasileiro formado por Giovana Silva, Maria Eduarda Arakaki, Nicole P\u00edrcio, Sofia Madeira e Vict\u00f3ria Borges, foi bronze por equipes na prova geral (que considera as notas das apresenta\u00e7\u00f5es com cinco arcos e mista &#8211; duas bolas e tr\u00eas fitas), feito tamb\u00e9m in\u00e9dito.<\/p>\n\n\n\n<h2 class=\"wp-block-heading\">Rumo \u00e0 Paris<\/h2>\n\n\n\n<p>O Brasil nunca foi ao p\u00f3dio ol\u00edmpico na gin\u00e1stica r\u00edtmica. O melhor desempenho individual foi o 23\u00ba lugar de Nat\u00e1lia Gaudio, nos Jogos do Rio de Janeiro, em 2016. Na disputa por equipes, o pa\u00eds alcan\u00e7ou duas vezes a oitava posi\u00e7\u00e3o, nas edi\u00e7\u00f5es de 2000, em Sydney (Austr\u00e1lia), e 2004, em Atenas.<\/p>\n\n\n\n<p>Para garantir presen\u00e7a na competi\u00e7\u00e3o por equipes na Olimp\u00edada de Paris (Fran\u00e7a), que reunir\u00e1 14 conjuntos, o Brasil ter\u00e1 que buscar uma das cinco vagas em disputa no Campeonato Mundial da modalidade, entre 23 e 27 de agosto deste ano, em Val\u00eancia (Espanha). Caso n\u00e3o consiga, a \u00faltima chance ser\u00e1 vencer a prova no Campeonato Pan-Americano, previsto para abril ou maio de 2024.<\/p>\n\n\n\n<p>A disputa individual de Paris ter\u00e1 24 ginastas, com limite de duas representantes por pa\u00eds. O Mundial de Val\u00eancia distribuir\u00e1 14 vagas, enquanto o Campeonato Pan-Americano premiar\u00e1 a atleta campe\u00e3.<\/p>\n","protected":false},"excerpt":{"rendered":"<p>Lincoln Chaves \u2013 EBC Uma semana ap\u00f3s ser a primeira brasileira no p\u00f3dio de uma<\/p>\n","protected":false},"author":2,"featured_media":57103,"comment_status":"open","ping_status":"open","sticky":false,"template":"","format":"standard","meta":{"footnotes":""},"categories":[264,20,17],"tags":[],"class_list":["post-57102","post","type-post","status-publish","format-standard","has-post-thumbnail","hentry","category-destaque","category-esporte","category-outras-noticias"],"_links":{"self":[{"href":"https:\/\/tvc16.com\/portal\/wp-json\/wp\/v2\/posts\/57102","targetHints":{"allow":["GET"]}}],"collection":[{"href":"https:\/\/tvc16.com\/portal\/wp-json\/wp\/v2\/posts"}],"about":[{"href":"https:\/\/tvc16.com\/portal\/wp-json\/wp\/v2\/types\/post"}],"author":[{"embeddable":true,"href":"https:\/\/tvc16.com\/portal\/wp-json\/wp\/v2\/users\/2"}],"replies":[{"embeddable":true,"href":"https:\/\/tvc16.com\/portal\/wp-json\/wp\/v2\/comments?post=57102"}],"version-history":[{"count":1,"href":"https:\/\/tvc16.com\/portal\/wp-json\/wp\/v2\/posts\/57102\/revisions"}],"predecessor-version":[{"id":57104,"href":"https:\/\/tvc16.com\/portal\/wp-json\/wp\/v2\/posts\/57102\/revisions\/57104"}],"wp:featuredmedia":[{"embeddable":true,"href":"https:\/\/tvc16.com\/portal\/wp-json\/wp\/v2\/media\/57103"}],"wp:attachment":[{"href":"https:\/\/tvc16.com\/portal\/wp-json\/wp\/v2\/media?parent=57102"}],"wp:term":[{"taxonomy":"category","embeddable":true,"href":"https:\/\/tvc16.com\/portal\/wp-json\/wp\/v2\/categories?post=57102"},{"taxonomy":"post_tag","embeddable":true,"href":"https:\/\/tvc16.com\/portal\/wp-json\/wp\/v2\/tags?post=57102"}],"curies":[{"name":"wp","href":"https:\/\/api.w.org\/{rel}","templated":true}]}}