{"id":57108,"date":"2023-04-10T10:00:00","date_gmt":"2023-04-10T13:00:00","guid":{"rendered":"https:\/\/tvc16.com\/portal\/?p=57108"},"modified":"2023-04-09T19:38:09","modified_gmt":"2023-04-09T22:38:09","slug":"pesquisa-desenvolve-curativos-biologicos-a-base-de-placenta","status":"publish","type":"post","link":"https:\/\/tvc16.com\/portal\/2023\/04\/10\/pesquisa-desenvolve-curativos-biologicos-a-base-de-placenta\/","title":{"rendered":"Pesquisa desenvolve curativos biol\u00f3gicos \u00e0 base de placenta"},"content":{"rendered":"\n<p>Pesquisadores do Instituto Nacional de Traumatologia e Ortopedia (Into), do Minist\u00e9rio da Sa\u00fade, est\u00e3o desenvolvendo pesquisa para implementar no pa\u00eds o uso de curativos biol\u00f3gicos feitos com um tecido da placenta que, normalmente, \u00e9 descartado ap\u00f3s o nascimento dos beb\u00eas.<\/p>\n\n\n\n<p>O Into estuda, desde novembro de 2021, a capta\u00e7\u00e3o e o preparo da membrana amni\u00f3tica para a produ\u00e7\u00e3o de curativos que podem agilizar a cicatriza\u00e7\u00e3o de ferimentos graves. Em entrevista \u00e0&nbsp;<strong>Ag\u00eancia Brasil<\/strong>, a cirurgi\u00e3 pl\u00e1stica e respons\u00e1vel t\u00e9cnica pelo Banco de Pele do Instituto, Sandra Bai\u00e3o, informou que, no momento, a pesquisa se encontra na fase de testes.<\/p>\n\n\n\n<p>Ao todo, foram coletadas 20 placentas, resultantes de parceria com a Maternidade Carmela Dutra, unidade da rede municipal de sa\u00fade do Rio de Janeiro. Em m\u00e9dia, cada placenta resulta em seis curativos. \u201cA gente j\u00e1 fez a coleta de algumas placentas e fizemos todo o trabalho de preparo dessas placentas, para avaliar o resultado. S\u00e3o feitos alguns testes em rela\u00e7\u00e3o \u00e0 seguran\u00e7a para utiliza\u00e7\u00e3o desse material\u201d, explicou.<\/p>\n\n\n\n<p>O projeto prev\u00ea uma segunda fase, quando os curativos come\u00e7ar\u00e3o a ser utilizados nos pacientes do Into. Para tanto, ser\u00e1 coletada uma nova leva de placentas na maternidade parceira.<\/p>\n\n\n\n<p>\u201cNesse momento, a gente ainda n\u00e3o iniciou essa utiliza\u00e7\u00e3o. Estamos ainda na primeira fase de avalia\u00e7\u00e3o do curativo biol\u00f3gico \u00e0 base de placenta, em rela\u00e7\u00e3o \u00e0 qualidade e \u00e0 seguran\u00e7a biol\u00f3gica, para depois utiliz\u00e1-lo em pacientes\u201d, disse Sandra Bai\u00e3o. Ela estima que a segunda etapa dever\u00e1 ser iniciada ainda este ano.<\/p>\n\n\n\n<h2 class=\"wp-block-heading\">Regulamenta\u00e7\u00e3o<\/h2>\n\n\n\n<p>Embora o uso da membrana amni\u00f3tica no tratamento de alguns tipos de ferimentos j\u00e1 seja realizado em pa\u00edses como os Estados Unidos, a Alemanha e a Fran\u00e7a, o projeto ainda se acha em processo de regulamenta\u00e7\u00e3o no Brasil. \u201cAinda n\u00e3o \u00e9 regulamentando como tratamento no Brasil. Ainda \u00e9 experimental e est\u00e1 em vias de regulamenta\u00e7\u00e3o\u201d, disse a pesquisadora.<\/p>\n\n\n\n<p>A m\u00e9dica acredita que a pesquisa do Into pode contribuir para acelerar esse processo. \u201cEmbora a gente tenha refer\u00eancias internacionais, queremos avaliar a aplicabilidade disso na nossa popula\u00e7\u00e3o, no caso, no perfil espec\u00edfico de brasileiros com feridas de dif\u00edcil cicatriza\u00e7\u00e3o. A gente acredita que isso vai contribuir bastante para agilizar o processo de regulamenta\u00e7\u00e3o\u201d.<\/p>\n\n\n\n<p>Sandra Bai\u00e3o alertou, por\u00e9m, que n\u00e3o \u00e9 qualquer ferida que poder\u00e1 receber curativo \u00e0 base de placenta. Trata-se de ferimentos espec\u00edficos, que tenham algumas caracter\u00edsticas que dificultem a cicatriza\u00e7\u00e3o. Nesses casos, o uso da membrana amni\u00f3tica pode ajudar a acelerar esse processo e, com isso, diminuir, muitas vezes, o tempo de hospitaliza\u00e7\u00e3o do paciente, o tempo de reabilita\u00e7\u00e3o, para que ele possa voltar \u00e0s suas atividades que tinha antes de sofrer o ferimento.<\/p>\n\n\n\n<h2 class=\"wp-block-heading\">Capta\u00e7\u00e3o<\/h2>\n\n\n\n<p>Para captar as placentas, a equipe do Banco Multitecidos do Into vai \u00e0 maternidade, se apresenta \u00e0s m\u00e3es e explica em que consiste o estudo, a fim de obter autoriza\u00e7\u00e3o para realizar o procedimento.<\/p>\n\n\n\n<p>Sandra Bai\u00e3o disse que a coleta n\u00e3o interfere em nada no andamento do parto. \u201cA gente espera o nascimento do beb\u00ea. Quando a placenta \u00e9 retirada pelo obstetra, em vez dela ser dispensada, \u00e9 feita a coleta de forma est\u00e9ril e levada para o Into\u201d.<\/p>\n\n\n\n<p>No Banco de Multitecidos do instituto, faz-se o preparo da placenta para transformar a parte da membrana amni\u00f3tica em curativos biol\u00f3gicos. Ao final de cinco dias, o tecido recebe um formato retangular e \u00e9 armazenado em embalagens que v\u00e3o para refrigera\u00e7\u00e3o, possibilitando a conserva\u00e7\u00e3o do curativo.<\/p>\n\n\n\n<p>A m\u00e9dica respons\u00e1vel pela pesquisa esclareceu que a membrana amni\u00f3tica retirada da placenta \u00e9 transparente, diferente da pele do peixe til\u00e1pia, por exemplo, que \u00e9 usada em queimaduras. \u201cA membrana amni\u00f3tica, uma vez retirada do restante da placenta, \u00e9 completamente transparente. Ela tem aspecto diferente e propriedades tamb\u00e9m diversas da pele da til\u00e1pia, em rela\u00e7\u00e3o \u00e0 cicatriza\u00e7\u00e3o\u201d.<\/p>\n\n\n\n<h2 class=\"wp-block-heading\">Estudo<\/h2>\n\n\n\n<p>Em paralelo \u00e0 pesquisa do Into, h\u00e1 a programa\u00e7\u00e3o de um estudo multic\u00eantrico maior, que vai envolver outros bancos de tecidos, no caso, bancos de pele, mas que depende da regulamenta\u00e7\u00e3o para ser iniciado. Esse estudo envolver\u00e1, al\u00e9m do Banco de Multitecidos do Into, os bancos de pele da Santa Casa de Porto Alegre; do Hospital Universit\u00e1rio Evang\u00e9lico, de Curitiba; e do Hospital das Cl\u00ednicas, da Universidade de S\u00e3o Paulo (USP), que tamb\u00e9m trabalham com membrana amni\u00f3tica.<\/p>\n\n\n\n<p>O objetivo \u00e9 utilizar a membrana em \u00e1reas onde h\u00e1 a retirada de pele para enxerto, como as coxas, e em pacientes que sofreram queimaduras.<\/p>\n","protected":false},"excerpt":{"rendered":"<p>Pesquisadores do Instituto Nacional de Traumatologia e Ortopedia (Into), do Minist\u00e9rio da Sa\u00fade, est\u00e3o desenvolvendo<\/p>\n","protected":false},"author":2,"featured_media":57109,"comment_status":"open","ping_status":"open","sticky":false,"template":"","format":"standard","meta":{"footnotes":""},"categories":[264,17,14,13],"tags":[],"class_list":["post-57108","post","type-post","status-publish","format-standard","has-post-thumbnail","hentry","category-destaque","category-outras-noticias","category-pais","category-saude"],"_links":{"self":[{"href":"https:\/\/tvc16.com\/portal\/wp-json\/wp\/v2\/posts\/57108","targetHints":{"allow":["GET"]}}],"collection":[{"href":"https:\/\/tvc16.com\/portal\/wp-json\/wp\/v2\/posts"}],"about":[{"href":"https:\/\/tvc16.com\/portal\/wp-json\/wp\/v2\/types\/post"}],"author":[{"embeddable":true,"href":"https:\/\/tvc16.com\/portal\/wp-json\/wp\/v2\/users\/2"}],"replies":[{"embeddable":true,"href":"https:\/\/tvc16.com\/portal\/wp-json\/wp\/v2\/comments?post=57108"}],"version-history":[{"count":1,"href":"https:\/\/tvc16.com\/portal\/wp-json\/wp\/v2\/posts\/57108\/revisions"}],"predecessor-version":[{"id":57110,"href":"https:\/\/tvc16.com\/portal\/wp-json\/wp\/v2\/posts\/57108\/revisions\/57110"}],"wp:featuredmedia":[{"embeddable":true,"href":"https:\/\/tvc16.com\/portal\/wp-json\/wp\/v2\/media\/57109"}],"wp:attachment":[{"href":"https:\/\/tvc16.com\/portal\/wp-json\/wp\/v2\/media?parent=57108"}],"wp:term":[{"taxonomy":"category","embeddable":true,"href":"https:\/\/tvc16.com\/portal\/wp-json\/wp\/v2\/categories?post=57108"},{"taxonomy":"post_tag","embeddable":true,"href":"https:\/\/tvc16.com\/portal\/wp-json\/wp\/v2\/tags?post=57108"}],"curies":[{"name":"wp","href":"https:\/\/api.w.org\/{rel}","templated":true}]}}