{"id":5714,"date":"2020-11-15T17:11:17","date_gmt":"2020-11-15T20:11:17","guid":{"rendered":"https:\/\/tvc16.com\/portal\/?p=5714"},"modified":"2020-11-15T17:21:31","modified_gmt":"2020-11-15T20:21:31","slug":"thiago-galhardo-e-guilherme-arana-se-apresentam-a-selecao-brasileira","status":"publish","type":"post","link":"https:\/\/tvc16.com\/portal\/2020\/11\/15\/thiago-galhardo-e-guilherme-arana-se-apresentam-a-selecao-brasileira\/","title":{"rendered":"Thiago Galhardo e Guilherme Arana se apresentam \u00e0 sele\u00e7\u00e3o brasileira"},"content":{"rendered":"\n<p>Colorado substitui Pedro; atleticano \u00e9 op\u00e7\u00e3o a Alex Telles com Covid<\/p>\n\n\n\n<h4 class=\"wp-block-heading\">Por Juliano Justo &#8211; Rep\u00f3rter da TV Brasil e da R\u00e1dio Nacional &#8211; Ag\u00eancia Brasil &#8211; S\u00e3o Paulo<\/h4>\n\n\n\n<p>No final da noite deste s\u00e1bado (14), o t\u00e9cnico Tite da sele\u00e7\u00e3o brasileira recebeu dois novos jogadores no grupo verde e amarelo que se prepara para o confronto de ter\u00e7a-feira (17) contra o Uruguai, em Montevid\u00e9u, pela quarta rodada das Eliminat\u00f3rias da Copa de 2022. O lateral-esquerdo Guilherme Arana do Atl\u00e9tico Mineiro e o meia Thiago Galhardo do Internacional se apresentaram logo ap\u00f3s os jogos da 21\u00aa rodada do Campeonato Brasileiro.<img decoding=\"async\" src=\"https:\/\/agenciabrasil.ebc.com.br\/ebc.png?id=1393370&amp;o=node\"><img decoding=\"async\" src=\"https:\/\/agenciabrasil.ebc.com.br\/ebc.gif?id=1393370&amp;o=node\"><\/p>\n\n\n\n<p>O defensor do Galo foi chamado j\u00e1 que Alex Telles, do Manchester United, segue testando positivo para covid-19. O atleta do clube ingl\u00eas depende dos novos testes que ser\u00e3o realizados neste domingo (15) para saber se permanecer\u00e1 no grupo brasileiro. O&nbsp;artilheiro do Colorado e do Brasileir\u00e3o com 15 gols vai substituir o atacante Pedro, do Flamengo (cortado por les\u00e3o muscular). Se testar positivo novamente, Alex Telles ser\u00e1 o oitavo atleta cortado nessa janela das eliminat\u00f3rias no grupo do t\u00e9cnico Tite j\u00e1 que o Uruguai n\u00e3o permite a entrada de pessoas infectadas no pa\u00eds. Se Telles estiver livre do v\u00edrus, os dois jogadores (ele e Arana) seguir\u00e3o no grupo brasileiro. Anteriormente, Gabriel Menino, Rodrigo Caio, Eder Milit\u00e3o, Casemiro, Fabinho, Phillipe Coutinho e Neymar j\u00e1 foram desligados da equipe nacional por contus\u00f5es ou pela Covid-19.<\/p>\n\n\n\n<p>Edi\u00e7\u00e3o: Gustavo Faria<\/p>\n","protected":false},"excerpt":{"rendered":"<p>Colorado substitui Pedro; atleticano \u00e9 op\u00e7\u00e3o a Alex Telles com Covid Por Juliano Justo &#8211;<\/p>\n","protected":false},"author":2,"featured_media":5715,"comment_status":"open","ping_status":"open","sticky":false,"template":"","format":"standard","meta":{"footnotes":""},"categories":[20],"tags":[],"class_list":["post-5714","post","type-post","status-publish","format-standard","has-post-thumbnail","hentry","category-esporte"],"_links":{"self":[{"href":"https:\/\/tvc16.com\/portal\/wp-json\/wp\/v2\/posts\/5714","targetHints":{"allow":["GET"]}}],"collection":[{"href":"https:\/\/tvc16.com\/portal\/wp-json\/wp\/v2\/posts"}],"about":[{"href":"https:\/\/tvc16.com\/portal\/wp-json\/wp\/v2\/types\/post"}],"author":[{"embeddable":true,"href":"https:\/\/tvc16.com\/portal\/wp-json\/wp\/v2\/users\/2"}],"replies":[{"embeddable":true,"href":"https:\/\/tvc16.com\/portal\/wp-json\/wp\/v2\/comments?post=5714"}],"version-history":[{"count":1,"href":"https:\/\/tvc16.com\/portal\/wp-json\/wp\/v2\/posts\/5714\/revisions"}],"predecessor-version":[{"id":5716,"href":"https:\/\/tvc16.com\/portal\/wp-json\/wp\/v2\/posts\/5714\/revisions\/5716"}],"wp:featuredmedia":[{"embeddable":true,"href":"https:\/\/tvc16.com\/portal\/wp-json\/wp\/v2\/media\/5715"}],"wp:attachment":[{"href":"https:\/\/tvc16.com\/portal\/wp-json\/wp\/v2\/media?parent=5714"}],"wp:term":[{"taxonomy":"category","embeddable":true,"href":"https:\/\/tvc16.com\/portal\/wp-json\/wp\/v2\/categories?post=5714"},{"taxonomy":"post_tag","embeddable":true,"href":"https:\/\/tvc16.com\/portal\/wp-json\/wp\/v2\/tags?post=5714"}],"curies":[{"name":"wp","href":"https:\/\/api.w.org\/{rel}","templated":true}]}}