{"id":5721,"date":"2020-11-15T17:17:05","date_gmt":"2020-11-15T20:17:05","guid":{"rendered":"https:\/\/tvc16.com\/portal\/?p=5721"},"modified":"2020-11-15T17:17:07","modified_gmt":"2020-11-15T20:17:07","slug":"anatel-e-abdi-fecham-acordo-para-testes-de-redes-privadas-de-5g","status":"publish","type":"post","link":"https:\/\/tvc16.com\/portal\/2020\/11\/15\/anatel-e-abdi-fecham-acordo-para-testes-de-redes-privadas-de-5g\/","title":{"rendered":"Anatel e ABDI fecham acordo para testes de redes privadas de 5G"},"content":{"rendered":"\n<p>5G \u00e9 o nome dado \u00e0 nova gera\u00e7\u00e3o de conectividade m\u00f3vel<\/p>\n\n\n\n<h4 class=\"wp-block-heading\">Por Jonas Valente \u2013 Rep\u00f3rter Ag\u00eancia Brasil &#8211; Bras\u00edlia<\/h4>\n\n\n\n<p>A Ag\u00eancia Nacional de Telecomunica\u00e7\u00f5es (Anatel) e a Ag\u00eancia Brasileira de Desenvolvimento Industrial (Abdi) assinaram um acordo para realizar os primeiros testes no Brasil relacionados ao uso de redes privadas da tecnologia 5G.<img decoding=\"async\" src=\"https:\/\/agenciabrasil.ebc.com.br\/ebc.png?id=1393259&amp;o=node\"><img decoding=\"async\" src=\"https:\/\/agenciabrasil.ebc.com.br\/ebc.gif?id=1393259&amp;o=node\"><\/p>\n\n\n\n<p>O 5G \u00e9 o nome dado \u00e0 nova gera\u00e7\u00e3o de conectividade m\u00f3vel. Especialistas apontam um grande potencial pelo aumento da velocidade, da capacidade de banda e da redu\u00e7\u00e3o das perdas de conex\u00e3o em rela\u00e7\u00e3o ao 4G.<\/p>\n\n\n\n<p>O governo federal prepara um leil\u00e3o para a explora\u00e7\u00e3o comercial da tecnologia. Mas, para al\u00e9m desta modalidade, em que operadoras oferecer\u00e3o pacotes a usu\u00e1rios, a Anatel tamb\u00e9m prepara a possibilidade de empresas poderem utilizar redes privadas para diversas finalidades.<\/p>\n\n\n\n<p>O gerente de Espectro, \u00d3rbitas e Radiodifus\u00e3o da Anatel, Agostinho Linhares, explicou que essas redes privadas poder\u00e3o ser utilizadas para novos arranjos produtivos digitalizados que v\u00eam sendo chamados de \u201cind\u00fastria 4.0\u201d.<\/p>\n\n\n\n<p>Ind\u00fastrias poder\u00e3o integrar suas redes de telecomunica\u00e7\u00f5es, permitindo a coordena\u00e7\u00e3o de rob\u00f4s, sensores e outros equipamentos ativados por meio de uma conex\u00e3o m\u00f3vel e que conversam entre si, na chamada \u201cInternet das Coisas\u201d.<\/p>\n\n\n\n<p>De acordo com o gerente da Anatel, o prop\u00f3sito dos testes em parceria com a Abdi \u00e9 avaliar como o 5G funciona neste tipo de rede, em diferentes situa\u00e7\u00f5es, para distintas aplica\u00e7\u00f5es e em locais e instala\u00e7\u00f5es variadas.<\/p>\n\n\n\n<h2 class=\"wp-block-heading\">Desenvolvimento produtivo e tecnol\u00f3gico<\/h2>\n\n\n\n<p>\u201cEste acordo \u00e9 um instrumento para incentivar o desenvolvimento produtivo e tecnol\u00f3gico. O objetivo \u00e9 ter projeto piloto para experimentar e validar diferentes faixas de frequ\u00eancia, avaliando indicadores de desempenho\u201d, disse Linhares \u00e0<strong>&nbsp;Ag\u00eancia Brasil<\/strong>.&nbsp;<\/p>\n\n\n\n<p>A expectativa \u00e9 que os primeiros resultados sejam divulgados no primeiro semestre do ano que vem.<\/p>\n\n\n\n<p>Acrescentou que a Anatel j\u00e1 desenvolve testes para identificar como as redes privadas poder\u00e3o ser disponibilizadas. J\u00e1 h\u00e1 faixas de frequ\u00eancias alocadas, mas a ag\u00eancia estuda uma amplia\u00e7\u00e3o disso.<\/p>\n\n\n\n<p>Os t\u00e9cnicos do \u00f3rg\u00e3o querem com o estudo identificar a demanda concreta de espectro para diferentes aplica\u00e7\u00f5es. Assim, quando uma empresa solicitar o direito de explorar determinada quantidade do espectro de radiofrequ\u00eancias a ag\u00eancia poder\u00e1 ter melhores par\u00e2metros.<\/p>\n\n\n\n<p>Edi\u00e7\u00e3o: Kleber Sampaio<\/p>\n","protected":false},"excerpt":{"rendered":"<p>5G \u00e9 o nome dado \u00e0 nova gera\u00e7\u00e3o de conectividade m\u00f3vel Por Jonas Valente \u2013<\/p>\n","protected":false},"author":2,"featured_media":5724,"comment_status":"open","ping_status":"open","sticky":false,"template":"","format":"standard","meta":{"footnotes":""},"categories":[14],"tags":[],"class_list":["post-5721","post","type-post","status-publish","format-standard","has-post-thumbnail","hentry","category-pais"],"_links":{"self":[{"href":"https:\/\/tvc16.com\/portal\/wp-json\/wp\/v2\/posts\/5721","targetHints":{"allow":["GET"]}}],"collection":[{"href":"https:\/\/tvc16.com\/portal\/wp-json\/wp\/v2\/posts"}],"about":[{"href":"https:\/\/tvc16.com\/portal\/wp-json\/wp\/v2\/types\/post"}],"author":[{"embeddable":true,"href":"https:\/\/tvc16.com\/portal\/wp-json\/wp\/v2\/users\/2"}],"replies":[{"embeddable":true,"href":"https:\/\/tvc16.com\/portal\/wp-json\/wp\/v2\/comments?post=5721"}],"version-history":[{"count":1,"href":"https:\/\/tvc16.com\/portal\/wp-json\/wp\/v2\/posts\/5721\/revisions"}],"predecessor-version":[{"id":5725,"href":"https:\/\/tvc16.com\/portal\/wp-json\/wp\/v2\/posts\/5721\/revisions\/5725"}],"wp:featuredmedia":[{"embeddable":true,"href":"https:\/\/tvc16.com\/portal\/wp-json\/wp\/v2\/media\/5724"}],"wp:attachment":[{"href":"https:\/\/tvc16.com\/portal\/wp-json\/wp\/v2\/media?parent=5721"}],"wp:term":[{"taxonomy":"category","embeddable":true,"href":"https:\/\/tvc16.com\/portal\/wp-json\/wp\/v2\/categories?post=5721"},{"taxonomy":"post_tag","embeddable":true,"href":"https:\/\/tvc16.com\/portal\/wp-json\/wp\/v2\/tags?post=5721"}],"curies":[{"name":"wp","href":"https:\/\/api.w.org\/{rel}","templated":true}]}}