{"id":57235,"date":"2023-04-12T09:22:44","date_gmt":"2023-04-12T12:22:44","guid":{"rendered":"https:\/\/tvc16.com\/portal\/?p=57235"},"modified":"2023-04-12T09:27:43","modified_gmt":"2023-04-12T12:27:43","slug":"biblioteca-municipal-de-petropolis-reabre-ao-publico","status":"publish","type":"post","link":"https:\/\/tvc16.com\/portal\/2023\/04\/12\/biblioteca-municipal-de-petropolis-reabre-ao-publico\/","title":{"rendered":"Biblioteca Municipal de Petr\u00f3polis reabre ao p\u00fablico"},"content":{"rendered":"\n<p><em>Por Leandra Lima*<\/em><\/p>\n\n\n\n<p><em><br><\/em>A Biblioteca Central Municipal Gabriela Mistral reabriu ao p\u00fablico nesta ter\u00e7a-feira (11) com todo o acervo dispon\u00edvel para a utiliza\u00e7\u00e3o. O evento de reabertura segue at\u00e9 o dia 13 e conta com atra\u00e7\u00f5es para o p\u00fablico infantil, como conta\u00e7\u00f5es de hist\u00f3ria e pe\u00e7as de teatro, tendo todos os temas relacionados \u00e0 leitura. A biblioteca estava fechada para o p\u00fablico por conta de obras e reorganiza\u00e7\u00e3o dos acervos que foram atingidos nas fortes chuvas de 2022. A reforma foi feita pela Prefeitura, atrav\u00e9s do Instituto Municipal de Cultura (IMC) e, agora, os espa\u00e7os revitalizados est\u00e3o preparados para o uso.<br>A programa\u00e7\u00e3o de retomada das atividades da biblioteca faz parte do incentivo e valoriza\u00e7\u00e3o da cena cultural de Petr\u00f3polis, todas as a\u00e7\u00f5es s\u00e3o gratuitas e aberta ao p\u00fablico.<br>Nesta ter\u00e7a-feira, as crian\u00e7as da Escola Maria Campos da Silva foram fazer uma visita ao novo espa\u00e7o e aproveitar as ocupa\u00e7\u00f5es art\u00edsticas que foram iniciadas com o grupo de teatro povo do cafund\u00f3 que estreou com a pe\u00e7a infantil \u201cDona Sofia e suas poesias\u201d. Nela \u00e9 contada a hist\u00f3ria de uma senhora apaixonada por livros e seu desejo de disseminar essa paix\u00e3o para todos. As professoras da escola falam da import\u00e2ncia de as crian\u00e7as ocuparem espa\u00e7os de cultura como a biblioteca e o teatro, isto as ajuda a despertar o interesse pela leitura e arte.<br>As atividades na biblioteca come\u00e7aram na cidade em 1876, e o local \u00e9 um marco na hist\u00f3ria, j\u00e1 que l\u00e1 se encontram documentos e artefatos importantes para Petr\u00f3polis. Hoje, depois de restaurado, o acervo conta com mais de cem mil volumes, entre eles, artigos peri\u00f3dicos, livros, audiolivros e arquivos hist\u00f3ricos.<br>A Biblioteca Municipal Gabriela Mistral funciona de segunda \u00e0 sexta-feira, das 9h \u00e0s 17h, o arquivo hist\u00f3rico fica dispon\u00edvel no mesmo hor\u00e1rio. O espa\u00e7o fica no Centro de Cultura Raul de Leoni, no Centro.<\/p>\n\n\n\n<p><br><em>(*estagi\u00e1ria sob supervis\u00e3o de Luana Motta)<\/em><\/p>\n\n\n\n<p>Foto: Leandra Lima<\/p>\n","protected":false},"excerpt":{"rendered":"<p>Por Leandra Lima* A Biblioteca Central Municipal Gabriela Mistral reabriu ao p\u00fablico nesta ter\u00e7a-feira (11)<\/p>\n","protected":false},"author":2,"featured_media":57236,"comment_status":"open","ping_status":"open","sticky":false,"template":"","format":"standard","meta":{"footnotes":""},"categories":[12],"tags":[],"class_list":["post-57235","post","type-post","status-publish","format-standard","has-post-thumbnail","hentry","category-cidade"],"_links":{"self":[{"href":"https:\/\/tvc16.com\/portal\/wp-json\/wp\/v2\/posts\/57235","targetHints":{"allow":["GET"]}}],"collection":[{"href":"https:\/\/tvc16.com\/portal\/wp-json\/wp\/v2\/posts"}],"about":[{"href":"https:\/\/tvc16.com\/portal\/wp-json\/wp\/v2\/types\/post"}],"author":[{"embeddable":true,"href":"https:\/\/tvc16.com\/portal\/wp-json\/wp\/v2\/users\/2"}],"replies":[{"embeddable":true,"href":"https:\/\/tvc16.com\/portal\/wp-json\/wp\/v2\/comments?post=57235"}],"version-history":[{"count":2,"href":"https:\/\/tvc16.com\/portal\/wp-json\/wp\/v2\/posts\/57235\/revisions"}],"predecessor-version":[{"id":57238,"href":"https:\/\/tvc16.com\/portal\/wp-json\/wp\/v2\/posts\/57235\/revisions\/57238"}],"wp:featuredmedia":[{"embeddable":true,"href":"https:\/\/tvc16.com\/portal\/wp-json\/wp\/v2\/media\/57236"}],"wp:attachment":[{"href":"https:\/\/tvc16.com\/portal\/wp-json\/wp\/v2\/media?parent=57235"}],"wp:term":[{"taxonomy":"category","embeddable":true,"href":"https:\/\/tvc16.com\/portal\/wp-json\/wp\/v2\/categories?post=57235"},{"taxonomy":"post_tag","embeddable":true,"href":"https:\/\/tvc16.com\/portal\/wp-json\/wp\/v2\/tags?post=57235"}],"curies":[{"name":"wp","href":"https:\/\/api.w.org\/{rel}","templated":true}]}}