{"id":57239,"date":"2023-04-12T09:34:51","date_gmt":"2023-04-12T12:34:51","guid":{"rendered":"https:\/\/tvc16.com\/portal\/?p=57239"},"modified":"2023-04-12T09:34:53","modified_gmt":"2023-04-12T12:34:53","slug":"secretaria-municipal-de-saude-de-nova-friburgo-lanca-campanha-de-diagnostico-precoce-de-hiv","status":"publish","type":"post","link":"https:\/\/tvc16.com\/portal\/2023\/04\/12\/secretaria-municipal-de-saude-de-nova-friburgo-lanca-campanha-de-diagnostico-precoce-de-hiv\/","title":{"rendered":"Secretaria municipal de sa\u00fade de Nova Friburgo lan\u00e7a campanha de diagn\u00f3stico precoce de HIV"},"content":{"rendered":"\n<p>No \u00faltimo dia 7 foi celebrado o \u2018\u2019Dia Estadual do Diagn\u00f3stico Precoce de HIV\u2019\u2019 e, em raz\u00e3o dessa data, durante todo o m\u00eas de abril, a Secretaria Municipal de Sa\u00fade de Nova Friburgo realiza a campanha para a testagem r\u00e1pida de Infec\u00e7\u00f5es Sexualmente Transmiss\u00edveis (IST) como a Aids e hepatites virais.&nbsp;<\/p>\n\n\n\n<p>Desde o in\u00edcio de 2023 os testes foram ampliados pelo programa de IST da Subsecretaria de Vigil\u00e2ncia em Sa\u00fade para todas as unidades de sa\u00fade de Nova Friburgo, a fim de descentralizar o acesso \u00e0 an\u00e1lise e oferecer a assist\u00eancia aos bairros mais afastados do Centro. Durante a campanha de abril o objetivo n\u00e3o ser\u00e1 diferente.&nbsp;<\/p>\n\n\n\n<p>Refor\u00e7ando a necessidade do diagn\u00f3stico precoce e a import\u00e2ncia de conscientizar a popula\u00e7\u00e3o sobre o assunto, desmistificando o tabu acerca do tema, os exames r\u00e1pidos estar\u00e3o dispon\u00edveis nos seguintes locais:<\/p>\n\n\n\n<p>&#8211; Policentro (Suspiro): ter\u00e7a-feira e quinta-feira, das 8h \u00e0s 12h e 13h \u00e0s 16h;<br>&#8211; Maternidade: todos os dias, 24 horas, para gestantes, pu\u00e9rperas e parceiros;<br>&#8211; Hospital Raul Sert\u00e3: atendimentos de urg\u00eancia e para pacientes internados;&nbsp;<br>&#8211; Laborat\u00f3rio da UFF: para os pacientes do ambulat\u00f3rio de odontologia, alunos, professores e funcion\u00e1rios;<br>&#8211; ESF Centen\u00e1rio: ter\u00e7a-feira, 9h e durante o pr\u00e9-natal;<br>&#8211; ESF S\u00e3o Louren\u00e7o: dia 18, das 10h \u00e0s 13hs;<br>&#8211; ESF Conquista: dia 17, \u00e0s 15h;<br>&#8211; ESF Campo Coelho: dia 20, das 9h \u00e0s 12h;<br>&#8211; ESF Olaria 2 Esp\u00edrito Santo: segunda-feira, \u00e0s 9h e livre demanda;<br>&#8211; ESF Riograndina: quarta-feira, das 9h \u00e0s 12h;<br>&#8211; ESF Olaria 3 Amarelinho: quarta-feira, gestante\/parceiro, e quinta-feira \u00e0 tarde;<br>&#8211; ESF Amparo: dia 13, das 9h \u00e0s 15h;<br>&#8211; ESF Lumiar: dia 13, das 8h \u00e0s 12h;<br>&#8211; ESF Olaria 1 Xingu: dia 13, \u00e0s 9h;<br>&#8211; ESF Nova Su\u00ed\u00e7a: ter\u00e7a-feira, \u00e0s 9h e no pr\u00e9- natal;<br>&#8211; ESF S\u00e3o Geraldo: ter\u00e7as- feiras, das 9h \u00e0s 15h;<br>&#8211; ESF Varginha: dia 20, \u00e0s 13h;<br>&#8211; ESF Cordoeira: dia 13, das 9h \u00e0s 16h;<br>&#8211; ESF Stucky: dia 14, das 9h \u00e0s 13h;<br>&#8211; Ambulat\u00f3rio Bento XVI: dia 14, das 9h \u00e0s 12h e 13h \u00e0s 15h.<\/p>\n\n\n\n<p>Para realizar o teste n\u00e3o \u00e9 necess\u00e1rio estar em jejum ou ter solicita\u00e7\u00e3o m\u00e9dica. \u00c9 preciso apenas ter em m\u00e3os um documento original com foto e o cart\u00e3o do SUS.<\/p>\n","protected":false},"excerpt":{"rendered":"<p>No \u00faltimo dia 7 foi celebrado o \u2018\u2019Dia Estadual do Diagn\u00f3stico Precoce de HIV\u2019\u2019 e,<\/p>\n","protected":false},"author":2,"featured_media":57240,"comment_status":"open","ping_status":"open","sticky":false,"template":"","format":"standard","meta":{"footnotes":""},"categories":[17],"tags":[],"class_list":["post-57239","post","type-post","status-publish","format-standard","has-post-thumbnail","hentry","category-outras-noticias"],"_links":{"self":[{"href":"https:\/\/tvc16.com\/portal\/wp-json\/wp\/v2\/posts\/57239","targetHints":{"allow":["GET"]}}],"collection":[{"href":"https:\/\/tvc16.com\/portal\/wp-json\/wp\/v2\/posts"}],"about":[{"href":"https:\/\/tvc16.com\/portal\/wp-json\/wp\/v2\/types\/post"}],"author":[{"embeddable":true,"href":"https:\/\/tvc16.com\/portal\/wp-json\/wp\/v2\/users\/2"}],"replies":[{"embeddable":true,"href":"https:\/\/tvc16.com\/portal\/wp-json\/wp\/v2\/comments?post=57239"}],"version-history":[{"count":1,"href":"https:\/\/tvc16.com\/portal\/wp-json\/wp\/v2\/posts\/57239\/revisions"}],"predecessor-version":[{"id":57241,"href":"https:\/\/tvc16.com\/portal\/wp-json\/wp\/v2\/posts\/57239\/revisions\/57241"}],"wp:featuredmedia":[{"embeddable":true,"href":"https:\/\/tvc16.com\/portal\/wp-json\/wp\/v2\/media\/57240"}],"wp:attachment":[{"href":"https:\/\/tvc16.com\/portal\/wp-json\/wp\/v2\/media?parent=57239"}],"wp:term":[{"taxonomy":"category","embeddable":true,"href":"https:\/\/tvc16.com\/portal\/wp-json\/wp\/v2\/categories?post=57239"},{"taxonomy":"post_tag","embeddable":true,"href":"https:\/\/tvc16.com\/portal\/wp-json\/wp\/v2\/tags?post=57239"}],"curies":[{"name":"wp","href":"https:\/\/api.w.org\/{rel}","templated":true}]}}