{"id":57245,"date":"2023-04-12T10:13:03","date_gmt":"2023-04-12T13:13:03","guid":{"rendered":"https:\/\/tvc16.com\/portal\/?p=57245"},"modified":"2023-04-12T10:13:04","modified_gmt":"2023-04-12T13:13:04","slug":"oms-confirma-primeira-morte-por-gripe-aviaria-no-mundo","status":"publish","type":"post","link":"https:\/\/tvc16.com\/portal\/2023\/04\/12\/oms-confirma-primeira-morte-por-gripe-aviaria-no-mundo\/","title":{"rendered":"OMS confirma primeira morte por gripe avi\u00e1ria no mundo\u00a0"},"content":{"rendered":"\n<p>A Organiza\u00e7\u00e3o Mundial da Sa\u00fade (OMS) confirmou a primeira morte por gripe avi\u00e1ria no mundo. A mulher, de 56 anos, morava na prov\u00edncia de Guangdong, na China, e come\u00e7ou a apresentar sintomas em 22 de fevereiro. No dia 3 de mar\u00e7o, ela precisou ser hospitalizada em raz\u00e3o de uma pneumonia grave e morreu no dia 16 do mesmo m\u00eas. No \u00faltimo dia 27, o governo chin\u00eas confirmou que a paciente foi infectada pelo v\u00edrus H3N8, causador da gripe avi\u00e1ria.<\/p>\n\n\n\n<p>O caso foi detectado por meio do sistema de vigil\u00e2ncia de infec\u00e7\u00f5es respirat\u00f3rias agudas graves. A mulher tinha comorbidades e um hist\u00f3rico de exposi\u00e7\u00e3o a aves vivas antes do in\u00edcio dos sintomas da doen\u00e7a, al\u00e9m de contato com p\u00e1ssaros selvagens dentro da pr\u00f3pria casa.<\/p>\n\n\n\n<p>De acordo com a OMS, apenas tr\u00eas casos de gripe avi\u00e1ria foram identificados em humanos em todo o mundo \u2013 todos na China. \u201cUma investiga\u00e7\u00e3o epidemiol\u00f3gica e o rastreamento de contatos pr\u00f3ximos foram realizados. N\u00e3o foram encontrados outros casos entre pessoas pr\u00f3ximas ao indiv\u00edduo infectado\u201d, destacou a entidade, por meio de nota.<\/p>\n\n\n\n<p>\u201cCom base nas informa\u00e7\u00f5es dispon\u00edveis, o v\u00edrus n\u00e3o parece ter a capacidade de se espalhar facilmente de pessoa para pessoa e, portanto, o risco de se espalhar entre humanos em n\u00edveis nacional, regional e internacional \u00e9 considerado baixo\u201d, avaliou a organiza\u00e7\u00e3o. \u201cEntretanto, devido \u00e0 natureza de constante evolu\u00e7\u00e3o dos v\u00edrus&nbsp;<em>influenza<\/em>, a OMS enfatiza a import\u00e2ncia da vigil\u00e2ncia global para detectar altera\u00e7\u00f5es virol\u00f3gicas, epidemiol\u00f3gicas e cl\u00ednicas associadas aos v\u00edrus&nbsp;<em>influenza<\/em>&nbsp;circulantes.\u201d<\/p>\n\n\n\n<h2 class=\"wp-block-heading\">Entenda&nbsp;<\/h2>\n\n\n\n<p>Os v\u00edrus da gripe avi\u00e1ria s\u00e3o comumente detectados em animais em todo o mundo. S\u00e3o alguns dos subtipos mais frequentemente encontrados em aves, causando pouco ou nenhum sinal de adoecimento em p\u00e1ssaros dom\u00e9sticos e selvagens. A chamada transmiss\u00e3o entre esp\u00e9cies do H3N8 foi reportada em diversos mam\u00edferos, inclusive de forma end\u00eamica entre c\u00e3es e cavalos.<\/p>\n\n\n\n<h2 class=\"wp-block-heading\">Brasil&nbsp;<\/h2>\n\n\n\n<p>No \u00faltimo dia 30, o Minist\u00e9rio da Agricultura, Pecu\u00e1ria e Abastecimento publicou portaria que suspende, em todo o territ\u00f3rio nacional, a realiza\u00e7\u00e3o de exposi\u00e7\u00f5es, torneios, feiras e demais eventos com aglomera\u00e7\u00e3o de aves. A medida, de car\u00e1ter preventivo, tem validade inicial de 90 dias e foi tomada em fun\u00e7\u00e3o do risco de ingresso e de dissemina\u00e7\u00e3o de casos de gripe avi\u00e1ria no pa\u00eds.<\/p>\n\n\n\n<p>Em janeiro, nota t\u00e9cnica da pasta j\u00e1 alertava para a necessidade de ado\u00e7\u00e3o de medidas preventivas contra a gripe avi\u00e1ria em raz\u00e3o do aumento de notifica\u00e7\u00e3o de casos em diversos pa\u00edses. Na ocasi\u00e3o, o govrno federal determinou o aumento das atividades de vigil\u00e2ncia sanit\u00e1ria nos estabelecimentos av\u00edcolas por parte de \u00f3rg\u00e3os estaduais de vigil\u00e2ncia sanit\u00e1ria animal.<\/p>\n\n\n\n<p><\/p>\n\n\n\n<p><em>Por Paula Laboissi\u00e8re \u2013 Rep\u00f3rter da Ag\u00eancia Brasil &#8211; Bras\u00edlia<br>Foto: Arquivo\/Ag\u00eancia Brasil<\/em><\/p>\n","protected":false},"excerpt":{"rendered":"<p>A Organiza\u00e7\u00e3o Mundial da Sa\u00fade (OMS) confirmou a primeira morte por gripe avi\u00e1ria no mundo.<\/p>\n","protected":false},"author":2,"featured_media":57246,"comment_status":"open","ping_status":"open","sticky":false,"template":"","format":"standard","meta":{"footnotes":""},"categories":[17],"tags":[],"class_list":["post-57245","post","type-post","status-publish","format-standard","has-post-thumbnail","hentry","category-outras-noticias"],"_links":{"self":[{"href":"https:\/\/tvc16.com\/portal\/wp-json\/wp\/v2\/posts\/57245","targetHints":{"allow":["GET"]}}],"collection":[{"href":"https:\/\/tvc16.com\/portal\/wp-json\/wp\/v2\/posts"}],"about":[{"href":"https:\/\/tvc16.com\/portal\/wp-json\/wp\/v2\/types\/post"}],"author":[{"embeddable":true,"href":"https:\/\/tvc16.com\/portal\/wp-json\/wp\/v2\/users\/2"}],"replies":[{"embeddable":true,"href":"https:\/\/tvc16.com\/portal\/wp-json\/wp\/v2\/comments?post=57245"}],"version-history":[{"count":1,"href":"https:\/\/tvc16.com\/portal\/wp-json\/wp\/v2\/posts\/57245\/revisions"}],"predecessor-version":[{"id":57247,"href":"https:\/\/tvc16.com\/portal\/wp-json\/wp\/v2\/posts\/57245\/revisions\/57247"}],"wp:featuredmedia":[{"embeddable":true,"href":"https:\/\/tvc16.com\/portal\/wp-json\/wp\/v2\/media\/57246"}],"wp:attachment":[{"href":"https:\/\/tvc16.com\/portal\/wp-json\/wp\/v2\/media?parent=57245"}],"wp:term":[{"taxonomy":"category","embeddable":true,"href":"https:\/\/tvc16.com\/portal\/wp-json\/wp\/v2\/categories?post=57245"},{"taxonomy":"post_tag","embeddable":true,"href":"https:\/\/tvc16.com\/portal\/wp-json\/wp\/v2\/tags?post=57245"}],"curies":[{"name":"wp","href":"https:\/\/api.w.org\/{rel}","templated":true}]}}