{"id":57250,"date":"2023-04-12T11:11:52","date_gmt":"2023-04-12T14:11:52","guid":{"rendered":"https:\/\/tvc16.com\/portal\/?p=57250"},"modified":"2023-04-12T11:11:53","modified_gmt":"2023-04-12T14:11:53","slug":"campanha-fique-ok-com-teresopolis-e-prorrogada-ate-o-proximo-dia-4-de-maio","status":"publish","type":"post","link":"https:\/\/tvc16.com\/portal\/2023\/04\/12\/campanha-fique-ok-com-teresopolis-e-prorrogada-ate-o-proximo-dia-4-de-maio\/","title":{"rendered":"Campanha \u2018Fique OK com Teres\u00f3polis\u2019 \u00e9 prorrogada at\u00e9 o pr\u00f3ximo dia 4 de maio"},"content":{"rendered":"\n<p>A Prefeitura de Teres\u00f3polis prorrogou, at\u00e9 o pr\u00f3ximo dia 4 de maio, o prazo para ades\u00e3o dos contribuintes ao Refis \u2013 Programa Municipal de Recupera\u00e7\u00e3o Fiscal \u2013 \u2018Fique Ok com Teres\u00f3polis\u2019. Assim, contribuintes em d\u00e9bito com a Prefeitura at\u00e9 dezembro de 2022, inscritos ou n\u00e3o na D\u00edvida Ativa, devem ficar atentos ao novo prazo. O objetivo \u00e9 ampliar a oportunidade para que pessoas f\u00edsicas e jur\u00eddicas regularizem pend\u00eancias existentes.<\/p>\n\n\n\n<p><strong>Ades\u00e3o, prazo e descontos:<\/strong>&nbsp;A ades\u00e3o ao Refis teve o prazo prorrogado por mais 30 dias para os interessados negociarem a quita\u00e7\u00e3o da d\u00edvida, ou seja, at\u00e9 o pr\u00f3ximo dia 4\/05. Quem quitar o d\u00e9bito em parcela \u00fanica ter\u00e1 100% de desconto sobre multa e juros. Outra op\u00e7\u00e3o \u00e9 parcelar a d\u00edvida em cotas mensais e consecutivas at\u00e9 dezembro de 2023. Neste caso, o contribuinte far\u00e1 jus a 70% de desconto sobre multa e juros.<\/p>\n\n\n\n<p><strong>Taxas e impostos contemplados:<\/strong>&nbsp;Aderindo ao Refis Municipal, o cidad\u00e3o evita o protesto de sua d\u00edvida e a cobran\u00e7a judicial. A medida abrange IPTU (Imposto Predial e Territorial Urbano), ISSQN (Imposto sobre Servi\u00e7o de Qualquer Natureza), multas por infra\u00e7\u00e3o e\/ou outras taxas em atraso.<\/p>\n\n\n\n<p><strong>Como aderir:&nbsp;<\/strong>Para participar do programa, o contribuinte interessado pode acessar o sistema do Protocolo online por meio do site da Prefeitura (<a href=\"https:\/\/www.teresopolis.rj.gov.br\/\">www.teresopolis.rj.gov.br<\/a>) ou clicar no link&nbsp;<a href=\"https:\/\/teresopolis.1doc.com.br\/b.php?pg=wp\/wp&amp;itd=5\">https:\/\/teresopolis.1doc.com.br\/b.php?pg=wp\/wp&amp;itd=5<\/a>, fazer login, acessar o assunto Refis 2023 e criar o seu processo automaticamente, sem sair de casa.<\/p>\n\n\n\n<p>O atendimento presencial acontece na Secretaria Municipal de Fazenda, no 1\u00ba piso da Prefeitura (Avenida Feliciano Sodr\u00e9, 675, na V\u00e1rzea), de segunda a sexta, das 9h \u00e0s 18h.<\/p>\n","protected":false},"excerpt":{"rendered":"<p>A Prefeitura de Teres\u00f3polis prorrogou, at\u00e9 o pr\u00f3ximo dia 4 de maio, o prazo para<\/p>\n","protected":false},"author":2,"featured_media":57251,"comment_status":"open","ping_status":"open","sticky":false,"template":"","format":"standard","meta":{"footnotes":""},"categories":[17],"tags":[],"class_list":["post-57250","post","type-post","status-publish","format-standard","has-post-thumbnail","hentry","category-outras-noticias"],"_links":{"self":[{"href":"https:\/\/tvc16.com\/portal\/wp-json\/wp\/v2\/posts\/57250","targetHints":{"allow":["GET"]}}],"collection":[{"href":"https:\/\/tvc16.com\/portal\/wp-json\/wp\/v2\/posts"}],"about":[{"href":"https:\/\/tvc16.com\/portal\/wp-json\/wp\/v2\/types\/post"}],"author":[{"embeddable":true,"href":"https:\/\/tvc16.com\/portal\/wp-json\/wp\/v2\/users\/2"}],"replies":[{"embeddable":true,"href":"https:\/\/tvc16.com\/portal\/wp-json\/wp\/v2\/comments?post=57250"}],"version-history":[{"count":1,"href":"https:\/\/tvc16.com\/portal\/wp-json\/wp\/v2\/posts\/57250\/revisions"}],"predecessor-version":[{"id":57252,"href":"https:\/\/tvc16.com\/portal\/wp-json\/wp\/v2\/posts\/57250\/revisions\/57252"}],"wp:featuredmedia":[{"embeddable":true,"href":"https:\/\/tvc16.com\/portal\/wp-json\/wp\/v2\/media\/57251"}],"wp:attachment":[{"href":"https:\/\/tvc16.com\/portal\/wp-json\/wp\/v2\/media?parent=57250"}],"wp:term":[{"taxonomy":"category","embeddable":true,"href":"https:\/\/tvc16.com\/portal\/wp-json\/wp\/v2\/categories?post=57250"},{"taxonomy":"post_tag","embeddable":true,"href":"https:\/\/tvc16.com\/portal\/wp-json\/wp\/v2\/tags?post=57250"}],"curies":[{"name":"wp","href":"https:\/\/api.w.org\/{rel}","templated":true}]}}