{"id":5726,"date":"2020-11-15T17:18:29","date_gmt":"2020-11-15T20:18:29","guid":{"rendered":"https:\/\/tvc16.com\/portal\/?p=5726"},"modified":"2020-11-15T17:18:30","modified_gmt":"2020-11-15T20:18:30","slug":"governo-quer-estimular-digitalizacao-de-servicos-publicos-nos-estados","status":"publish","type":"post","link":"https:\/\/tvc16.com\/portal\/2020\/11\/15\/governo-quer-estimular-digitalizacao-de-servicos-publicos-nos-estados\/","title":{"rendered":"Governo quer estimular digitaliza\u00e7\u00e3o de servi\u00e7os p\u00fablicos nos estados"},"content":{"rendered":"\n<p>Digitaliza\u00e7\u00e3o ultrapassou em outubro mais de mil servi\u00e7os<\/p>\n\n\n\n<p>P<\/p>\n\n\n\n<h4 class=\"wp-block-heading\">or Kelly Oliveira \u2013 Rep\u00f3rter da Ag\u00eancia Brasil &#8211; Bras\u00edlia<\/h4>\n\n\n\n<p>O governo federal quer estimular a digitaliza\u00e7\u00e3o de servi\u00e7os p\u00fablicos nos estados e munic\u00edpios. Para isso, lan\u00e7a o guia \u201c10 Passos para a Transforma\u00e7\u00e3o Digital\u201d, a ser apresentado durante a Semana de Inova\u00e7\u00e3o 2020, marcada para os dias 16 a 19 deste m\u00eas.<img decoding=\"async\" src=\"https:\/\/agenciabrasil.ebc.com.br\/ebc.png?id=1393212&amp;o=node\"><img decoding=\"async\" src=\"https:\/\/agenciabrasil.ebc.com.br\/ebc.gif?id=1393212&amp;o=node\"><\/p>\n\n\n\n<p>Na esfera federal, a digitaliza\u00e7\u00e3o ultrapassou em outubro a meta dos mil servi\u00e7os digitalizados no bi\u00eanio 2019-2020.<\/p>\n\n\n\n<p>Para fazer o guia, a Secretaria de Governo Digital, do Minist\u00e9rio da Economia, compilou experi\u00eancias de digitaliza\u00e7\u00e3o dos servi\u00e7os do governo federal.<\/p>\n\n\n\n<p>O guia foi desenvolvido em parceria com a Alian\u00e7a pela Inova\u00e7\u00e3o e Sustentabilidade, Corpora\u00e7\u00e3o Andina de Fomento (CAF), Banco Nacional de Desenvolvimento Econ\u00f4mico e Social (BNDES) e Banco Interamericano de Desenvolvimento (BID). A popula\u00e7\u00e3o ter\u00e1 acesso ao guia na forma&nbsp;<em>online<\/em>&nbsp;depois do lan\u00e7amento.<\/p>\n\n\n\n<h2 class=\"wp-block-heading\">Trilha tem\u00e1tica<\/h2>\n\n\n\n<p>Qualquer cidad\u00e3o interessado poder\u00e1 conhecer o guia e participar do bate-papo programado na \u201cTrilha Tem\u00e1tica: Como a experi\u00eancia do Governo Federal pode inspirar a transforma\u00e7\u00e3o digital do seu munic\u00edpio?\u201d, prevista para quinta-feira (19), das 14h \u00e0s 15h50. Para assistir e tirar d\u00favidas, \u00e9 preciso fazer&nbsp;<a href=\"http:\/\/semanadeinovacao.enap.gov.br\/\" target=\"_blank\" rel=\"noreferrer noopener\">inscri\u00e7\u00e3o<\/a>.<\/p>\n\n\n\n<p>Segundo a secretaria, todos os entes federados podem participar da&nbsp;<a href=\"http:\/\/rede.gov.br\/\" target=\"_blank\" rel=\"noreferrer noopener\">rede<\/a>, espa\u00e7o onde as experi\u00eancias de transforma\u00e7\u00e3o digital s\u00e3o debatidas com o governo federal. Atualmente, 12 unidades federativas, al\u00e9m de 17 munic\u00edpios, participam da Rede gov.br: Rio Grande do Sul, Paran\u00e1, Rio de Janeiro, Roraima, Amap\u00e1, Santa Catarina, Amazonas, Minas Gerais, Goi\u00e1s, Distrito Federal, Mato Grosso do Sul, Pernambuco.<\/p>\n\n\n\n<p>Edi\u00e7\u00e3o: Kleber Sampaio<\/p>\n","protected":false},"excerpt":{"rendered":"<p>Digitaliza\u00e7\u00e3o ultrapassou em outubro mais de mil servi\u00e7os P or Kelly Oliveira \u2013 Rep\u00f3rter da<\/p>\n","protected":false},"author":2,"featured_media":5727,"comment_status":"open","ping_status":"open","sticky":false,"template":"","format":"standard","meta":{"footnotes":""},"categories":[14],"tags":[],"class_list":["post-5726","post","type-post","status-publish","format-standard","has-post-thumbnail","hentry","category-pais"],"_links":{"self":[{"href":"https:\/\/tvc16.com\/portal\/wp-json\/wp\/v2\/posts\/5726","targetHints":{"allow":["GET"]}}],"collection":[{"href":"https:\/\/tvc16.com\/portal\/wp-json\/wp\/v2\/posts"}],"about":[{"href":"https:\/\/tvc16.com\/portal\/wp-json\/wp\/v2\/types\/post"}],"author":[{"embeddable":true,"href":"https:\/\/tvc16.com\/portal\/wp-json\/wp\/v2\/users\/2"}],"replies":[{"embeddable":true,"href":"https:\/\/tvc16.com\/portal\/wp-json\/wp\/v2\/comments?post=5726"}],"version-history":[{"count":1,"href":"https:\/\/tvc16.com\/portal\/wp-json\/wp\/v2\/posts\/5726\/revisions"}],"predecessor-version":[{"id":5728,"href":"https:\/\/tvc16.com\/portal\/wp-json\/wp\/v2\/posts\/5726\/revisions\/5728"}],"wp:featuredmedia":[{"embeddable":true,"href":"https:\/\/tvc16.com\/portal\/wp-json\/wp\/v2\/media\/5727"}],"wp:attachment":[{"href":"https:\/\/tvc16.com\/portal\/wp-json\/wp\/v2\/media?parent=5726"}],"wp:term":[{"taxonomy":"category","embeddable":true,"href":"https:\/\/tvc16.com\/portal\/wp-json\/wp\/v2\/categories?post=5726"},{"taxonomy":"post_tag","embeddable":true,"href":"https:\/\/tvc16.com\/portal\/wp-json\/wp\/v2\/tags?post=5726"}],"curies":[{"name":"wp","href":"https:\/\/api.w.org\/{rel}","templated":true}]}}