{"id":57267,"date":"2023-04-12T13:32:34","date_gmt":"2023-04-12T16:32:34","guid":{"rendered":"https:\/\/tvc16.com\/portal\/?p=57267"},"modified":"2023-04-12T13:32:35","modified_gmt":"2023-04-12T16:32:35","slug":"quedas-de-idosos-aumentam-quase-35-em-um-ano-na-cidade-de-sao-paulo","status":"publish","type":"post","link":"https:\/\/tvc16.com\/portal\/2023\/04\/12\/quedas-de-idosos-aumentam-quase-35-em-um-ano-na-cidade-de-sao-paulo\/","title":{"rendered":"Quedas de idosos aumentam quase 35% em um ano na cidade de S\u00e3o Paulo"},"content":{"rendered":"\n<h3 class=\"wp-block-heading\">Interna\u00e7\u00f5es em decorr\u00eancia de tombos aumentaram 27,75% em 2022<\/h3>\n\n\n\n<h4 class=\"wp-block-heading\">Por Ag\u00eancia Brasil &#8211; S\u00e3o Paulo<audio src=\"https:\/\/tts-app.ebc.com.br\/media\/tts\/201760.mp3\"><\/audio><\/h4>\n\n\n\n<p>A cidade de S\u00e3o Paulo registrou aumento de 35% no n\u00famero de notifica\u00e7\u00f5es de quedas acidentais entre pessoas com mais de 60 anos de idade no \u00faltimo ano. A informa\u00e7\u00e3o \u00e9 da Secretaria Municipal da Sa\u00fade (SMS). Em 2022, o Sistema de Informa\u00e7\u00e3o para a Vigil\u00e2ncia de Acidentes (Siva), da Coordenadoria de Vigil\u00e2ncia em Sa\u00fade (Covisa), recebeu 13.075 notifica\u00e7\u00f5es de quedas nesta popula\u00e7\u00e3o, enquanto em 2021, foram 9.671.<\/p>\n\n\n\n<p>A quantidade de interna\u00e7\u00f5es decorrentes de tombos cresceu quase na mesma propor\u00e7\u00e3o. Em 2021 foram 3.055 interna\u00e7\u00f5es, n\u00famero que passou para 3.903 no ano seguinte, uma eleva\u00e7\u00e3o de 27,75%, segundo registros do Sistema de Informa\u00e7\u00e3o Hospitalar (SIH).<\/p>\n\n\n\n<p>Em contrapartida, as a\u00e7\u00f5es preventivas desenvolvidas pela gest\u00e3o municipal aumentaram 174% no ano passado na compara\u00e7\u00e3o com 2021. De acordo com registros do Sistema Integrado de Gest\u00e3o e Assist\u00eancia em Sa\u00fade (Siga Sa\u00fade), em 2022 foram 103.997 atendimentos de orienta\u00e7\u00e3o a idosos, enquanto em 2021 foram 37.959. Esses dados contemplam as seis Coordenadorias Regionais de Sa\u00fade (CRSs), que abrangem todas as unidades de Sa\u00fade da capital.<\/p>\n\n\n\n<p>Nos \u00faltimos quatro anos, de 2019 a 2022, mais de 160 mil pessoas, a maioria idosos, receberam orienta\u00e7\u00f5es sobre como prevenir e o que fazer em caso de tombos. O objetivo \u00e9 reduzir um dos principais tipos de acidente que acometem os idosos.<\/p>\n\n\n\n<p>A secretaria informou que faz a\u00e7\u00f5es de preven\u00e7\u00e3o em todas as unidades b\u00e1sicas de Sa\u00fade (UBSs), assim como aos assistidos pelo Programa Acompanhante de Idosos (PAI) e nas 13 Unidades de Refer\u00eancia \u00e0 Sa\u00fade do Idoso (Ursis). A avalia\u00e7\u00e3o multidimensional da pessoa idosa (AMPI), da Aten\u00e7\u00e3o B\u00e1sica, tem por objetivo prevenir riscos de queda com v\u00e1rias atividades e orienta\u00e7\u00f5es que ocorrem rotineiramente.<\/p>\n\n\n\n<p>Al\u00e9m disso, \u00e9 recomendado o acompanhamento cl\u00ednico da osteoporose, acuidade visual, doen\u00e7as do aparelho locomotor, altera\u00e7\u00f5es do estado nutricional, sarcopenia (redu\u00e7\u00e3o da for\u00e7a e da massa muscular) e vigil\u00e2ncia dos eventos de quedas. Pacientes que sofrem esse tipo de acidente devem ser acompanhados por equipe multiprofissional, que avalia os fatores que levaram ao epis\u00f3dio e encaminha para o tratamento mais adequado.<\/p>\n\n\n\n<p>A cidade de S\u00e3o Paulo tem 1,9 milh\u00e3o de pessoas com mais de 60 anos de idade, ou seja, 15% da popula\u00e7\u00e3o. A estimativa \u00e9 de que, em 2050, os idosos representem 30% dos paulistanos, de acordo com a Funda\u00e7\u00e3o Sistema Estadual de An\u00e1lise de Dados (Seade).<\/p>\n\n\n\n<h2 class=\"wp-block-heading\">Fatores de queda<\/h2>\n\n\n\n<p>A queda de idosos tem causas diversas, como hist\u00f3rico pr\u00e9vio; polifarm\u00e1cia, principalmente o uso de drogas psicoativas, vasodilatadores e diur\u00e9ticos; condi\u00e7\u00f5es cr\u00f4nicas de sa\u00fade com descompensa\u00e7\u00e3o cl\u00ednica; dist\u00farbios da marcha e equil\u00edbrio; sedentarismo e piora da capacidade funcional; defici\u00eancia visual ou decl\u00ednio cognitivo. Tamb\u00e9m pode estar relacionada a fatores do ambiente, como ilumina\u00e7\u00e3o; superf\u00edcies escorregadias; tapetes, desn\u00edveis e obst\u00e1culos no caminho, al\u00e9m de roupas ou cal\u00e7ados inadequados.<\/p>\n\n\n\n<p>Em caso de queda, a SMS orienta procurar uma Unidade de Pronto Atendimento (UPA), pronto-socorro (PS) ou ainda solicitar o Servi\u00e7o de Atendimento M\u00f3vel de Urg\u00eancia (Samu) pelo n\u00famero 192.<\/p>\n\n\n\n<h2 class=\"wp-block-heading\">Ursi<\/h2>\n\n\n\n<p>A Unidade de Refer\u00eancia \u00e0 Sa\u00fade do Idoso \u00e9 uma unidade especializada para atender o idoso em sua \u00e1rea de abrang\u00eancia. O objetivo das Ursi\u2019s \u00e9 garantir a promo\u00e7\u00e3o e aten\u00e7\u00e3o integral \u00e0 sa\u00fade do idoso mais fragilizado no n\u00edvel secund\u00e1rio de assist\u00eancia do Sistema \u00danico de Sa\u00fade (SUS), para que o idoso permane\u00e7a na comunidade durante o maior tempo poss\u00edvel e com a maior capacidade funcional ating\u00edvel.<\/p>\n\n\n\n<h2 class=\"wp-block-heading\">PAI<\/h2>\n\n\n\n<p>O Programa Acompanhante de Idosos atende pessoas com mais de 60 anos em situa\u00e7\u00e3o de fragilidade e alta vulnerabilidade social, disponibilizando presta\u00e7\u00e3o dos servi\u00e7os de v\u00e1rios profissionais e acompanhantes de idosos, inclusive nos domic\u00edlios. Essas equipes prestam apoio e suporte nas atividades di\u00e1rias, com o intuito de promover assist\u00eancia integral \u00e0 sa\u00fade da popula\u00e7\u00e3o idosa. Cada equipe conta com assistente social, enfermeiro, m\u00e9dico, acompanhantes de idosos, motorista e profissional administrativo.<\/p>\n\n\n\n<p>Para participar do programa ou ter acesso a qualquer outro servi\u00e7o voltado para idosos, basta procurar uma UBS de refer\u00eancia do bairro. Os endere\u00e7os podem ser&nbsp;<a href=\"http:\/\/buscasaude.prefeitura.sp.gov.br\/\" target=\"_blank\" rel=\"noreferrer noopener\">acessados clicando aqui<\/a>.<\/p>\n\n\n\n<p>Edi\u00e7\u00e3o: Denise Griesinger<\/p>\n","protected":false},"excerpt":{"rendered":"<p>Interna\u00e7\u00f5es em decorr\u00eancia de tombos aumentaram 27,75% em 2022 Por Ag\u00eancia Brasil &#8211; S\u00e3o Paulo<\/p>\n","protected":false},"author":2,"featured_media":57268,"comment_status":"open","ping_status":"open","sticky":false,"template":"","format":"standard","meta":{"footnotes":""},"categories":[17],"tags":[],"class_list":["post-57267","post","type-post","status-publish","format-standard","has-post-thumbnail","hentry","category-outras-noticias"],"_links":{"self":[{"href":"https:\/\/tvc16.com\/portal\/wp-json\/wp\/v2\/posts\/57267","targetHints":{"allow":["GET"]}}],"collection":[{"href":"https:\/\/tvc16.com\/portal\/wp-json\/wp\/v2\/posts"}],"about":[{"href":"https:\/\/tvc16.com\/portal\/wp-json\/wp\/v2\/types\/post"}],"author":[{"embeddable":true,"href":"https:\/\/tvc16.com\/portal\/wp-json\/wp\/v2\/users\/2"}],"replies":[{"embeddable":true,"href":"https:\/\/tvc16.com\/portal\/wp-json\/wp\/v2\/comments?post=57267"}],"version-history":[{"count":1,"href":"https:\/\/tvc16.com\/portal\/wp-json\/wp\/v2\/posts\/57267\/revisions"}],"predecessor-version":[{"id":57269,"href":"https:\/\/tvc16.com\/portal\/wp-json\/wp\/v2\/posts\/57267\/revisions\/57269"}],"wp:featuredmedia":[{"embeddable":true,"href":"https:\/\/tvc16.com\/portal\/wp-json\/wp\/v2\/media\/57268"}],"wp:attachment":[{"href":"https:\/\/tvc16.com\/portal\/wp-json\/wp\/v2\/media?parent=57267"}],"wp:term":[{"taxonomy":"category","embeddable":true,"href":"https:\/\/tvc16.com\/portal\/wp-json\/wp\/v2\/categories?post=57267"},{"taxonomy":"post_tag","embeddable":true,"href":"https:\/\/tvc16.com\/portal\/wp-json\/wp\/v2\/tags?post=57267"}],"curies":[{"name":"wp","href":"https:\/\/api.w.org\/{rel}","templated":true}]}}