{"id":57279,"date":"2023-04-12T13:47:44","date_gmt":"2023-04-12T16:47:44","guid":{"rendered":"https:\/\/tvc16.com\/portal\/?p=57279"},"modified":"2023-04-12T13:47:45","modified_gmt":"2023-04-12T16:47:45","slug":"luiz-aquila-e-lauro-cavalcanti-sao-os-convidados-do-proximo-encontro-plastico-da-casa-de-petropolis","status":"publish","type":"post","link":"https:\/\/tvc16.com\/portal\/2023\/04\/12\/luiz-aquila-e-lauro-cavalcanti-sao-os-convidados-do-proximo-encontro-plastico-da-casa-de-petropolis\/","title":{"rendered":"Luiz Aquila e Lauro Cavalcanti s\u00e3o os convidados do pr\u00f3ximo Encontro Pl\u00e1stico da Casa de Petr\u00f3polis"},"content":{"rendered":"\n<p>A Casa de Petr\u00f3polis Instituto de Cultura recebe, no pr\u00f3ximo s\u00e1bado (15.04), o arquiteto e antrop\u00f3logo Lauro Cavalcanti, para um bate-papo com o artista pl\u00e1stico Luiz Aquila. Com entrada franca, o p\u00fablico poder\u00e1 conversar com os dois a partir das 19h. A mostra \u201cLuiz Aquila na Casa de Petr\u00f3polis \u2013 80 anos do artista\u201d, recorde de visita\u00e7\u00e3o, ser\u00e1 o tema do encontro e fica em cartaz at\u00e9 domingo (16.04), das 10h \u00e0s 16h.<\/p>\n\n\n\n<p>\u201c\u00c9 muito estimulante para mim conversar com o p\u00fablico e com Lauro Cavalcanti, meu principal interlocutor\u201d, comenta Luiz Aquila sobre o Encontro Pl\u00e1stico.&nbsp;<\/p>\n\n\n\n<p>E n\u00e3o \u00e9 \u00e0 toa. Lauro Cavalcanti foi curador da retrospectiva de Luiz Aquila no Pa\u00e7o Imperial em 2013 e autor do livro \u201cQuase Tudo &#8211; The Never Ending Tour\u201d lan\u00e7ado durante a mostra. O livro estar\u00e1 \u00e0 venda tamb\u00e9m no dia do evento e a renda ser\u00e1 em benef\u00edcio da Casa de Petr\u00f3polis. Lauro foi diretor do Pa\u00e7o Imperial e professor da Escola Superior de Desenho Industrial (Esdi\/Uerj). \u00c9 tamb\u00e9m mestre e doutor em Antropologia Social pela UFRJ. Atualmente \u00e9 diretor do Instituto Casa de Roberto Marinho.<\/p>\n\n\n\n<p>Luiz Aquila \u00e9 pintor, desenhista, gravador e professor, tamb\u00e9m \u00e9 reconhecido pelo seu papel de orientador art\u00edstico da Gera\u00e7\u00e3o 80.&nbsp;&nbsp;Como um dos mais importantes artistas brasileiros, o carioca Luiz Aquila realizou seu sonho de viver em Petr\u00f3polis no final dos anos 80, \u00e9poca em que a arte se comprometia com a mensagem de esperan\u00e7a e Luiz Aquila fazia da pintura sua afirma\u00e7\u00e3o de liberdade. Participou da efervesc\u00eancia cultural do Rio de Janeiro na abertura democr\u00e1tica, trabalhando incansavelmente para o resgate e valoriza\u00e7\u00e3o da mem\u00f3ria das artes no pa\u00eds. UnB, Parque Lage, MAM-RJ, Pa\u00e7o Imperial, Iphan e Casa de Petr\u00f3polis s\u00e3o algumas das institui\u00e7\u00f5es que contaram com a criatividade do artista no Brasil.<\/p>\n\n\n\n<p>A exposi\u00e7\u00e3o \u201cLuiz Aquila na Casa de Petr\u00f3polis \u2013 80 anos do artista\u201d \u00e9 uma realiza\u00e7\u00e3o da Casa de Petr\u00f3polis, em parceria com a Galeria Patr\u00edcia Costa, e tem o texto de apresenta\u00e7\u00e3o de Alice Granato, produ\u00e7\u00e3o de Lilia Monteiro, montagem de Greg\u00f3rio Pontes, e design gr\u00e1fico de Claudio Partes.&nbsp;<\/p>\n\n\n\n<p>Os Encontros da Casa de Petr\u00f3polis t\u00eam apoio do Governo Federal, Governo do Estado do Rio de Janeiro, Secretaria de Estado de Cultura e Economia Criativa do Rio de Janeiro, atrav\u00e9s do edital Retomada Cultural 2.<\/p>\n\n\n\n<p><strong>Servi\u00e7o<\/strong><\/p>\n\n\n\n<p>ENCONTRO PL\u00c1STICO \u2013 com Luiz Aquila e Lauro Cavalcanti sobre a mostra&nbsp;&nbsp;<\/p>\n\n\n\n<p>S\u00e1bado, 15.04, \u00e0s 19h.&nbsp;<\/p>\n\n\n\n<p>Local: Casa de Petr\u00f3polis Instituto de Cultura \u2013 Rua da Ipiranga, 716 \u2013 Centro Hist\u00f3rico<\/p>\n\n\n\n<p>Estacionamento rotativo no local<\/p>\n\n\n\n<p>Entrada franca&nbsp;<\/p>\n\n\n\n<p><strong>Visita\u00e7\u00e3o Exposi\u00e7\u00e3o&nbsp;<\/strong><\/p>\n\n\n\n<p>\u201cLuiz Aquila na Casa de Petr\u00f3polis \u2013 80 anos do artista\u201d<\/p>\n\n\n\n<p>At\u00e9 a 16 de abril, das 10h \u00e0s 16h<\/p>\n\n\n\n<p>Entrada: R$ 16 a inteira e R$ 8 a meia entrada<\/p>\n\n\n\n<p><strong>&nbsp;Cr\u00e9dito: Marco Rodrigues<\/strong><\/p>\n","protected":false},"excerpt":{"rendered":"<p>A Casa de Petr\u00f3polis Instituto de Cultura recebe, no pr\u00f3ximo s\u00e1bado (15.04), o arquiteto e<\/p>\n","protected":false},"author":2,"featured_media":57280,"comment_status":"open","ping_status":"open","sticky":false,"template":"","format":"standard","meta":{"footnotes":""},"categories":[12],"tags":[],"class_list":["post-57279","post","type-post","status-publish","format-standard","has-post-thumbnail","hentry","category-cidade"],"_links":{"self":[{"href":"https:\/\/tvc16.com\/portal\/wp-json\/wp\/v2\/posts\/57279","targetHints":{"allow":["GET"]}}],"collection":[{"href":"https:\/\/tvc16.com\/portal\/wp-json\/wp\/v2\/posts"}],"about":[{"href":"https:\/\/tvc16.com\/portal\/wp-json\/wp\/v2\/types\/post"}],"author":[{"embeddable":true,"href":"https:\/\/tvc16.com\/portal\/wp-json\/wp\/v2\/users\/2"}],"replies":[{"embeddable":true,"href":"https:\/\/tvc16.com\/portal\/wp-json\/wp\/v2\/comments?post=57279"}],"version-history":[{"count":1,"href":"https:\/\/tvc16.com\/portal\/wp-json\/wp\/v2\/posts\/57279\/revisions"}],"predecessor-version":[{"id":57281,"href":"https:\/\/tvc16.com\/portal\/wp-json\/wp\/v2\/posts\/57279\/revisions\/57281"}],"wp:featuredmedia":[{"embeddable":true,"href":"https:\/\/tvc16.com\/portal\/wp-json\/wp\/v2\/media\/57280"}],"wp:attachment":[{"href":"https:\/\/tvc16.com\/portal\/wp-json\/wp\/v2\/media?parent=57279"}],"wp:term":[{"taxonomy":"category","embeddable":true,"href":"https:\/\/tvc16.com\/portal\/wp-json\/wp\/v2\/categories?post=57279"},{"taxonomy":"post_tag","embeddable":true,"href":"https:\/\/tvc16.com\/portal\/wp-json\/wp\/v2\/tags?post=57279"}],"curies":[{"name":"wp","href":"https:\/\/api.w.org\/{rel}","templated":true}]}}