{"id":5732,"date":"2020-11-15T17:20:56","date_gmt":"2020-11-15T20:20:56","guid":{"rendered":"https:\/\/tvc16.com\/portal\/?p=5732"},"modified":"2020-11-15T17:20:59","modified_gmt":"2020-11-15T20:20:59","slug":"agentes-de-israel-mataram-no-ira-segundo-homem-no-comando-da-al-qaeda-2","status":"publish","type":"post","link":"https:\/\/tvc16.com\/portal\/2020\/11\/15\/agentes-de-israel-mataram-no-ira-segundo-homem-no-comando-da-al-qaeda-2\/","title":{"rendered":"Agentes de Israel mataram no Ir\u00e3 segundo homem no comando da Al Qaeda"},"content":{"rendered":"\n<p>\u00c9 o que revela o jornal New York Times<\/p>\n\n\n\n<h4 class=\"wp-block-heading\">Por Matt Spetalnick e Mark Hosenball &#8211; da ag\u00eancia Reuters &#8211; Washington<\/h4>\n\n\n\n<p>O segundo homem no comando da&nbsp;<em>Al Qaeda<\/em>, acusado de ajudar a planejar o bombardeio de duas embaixadas dos Estados Unidos na \u00c1frica, em 1998, foi morto no Ir\u00e3, em agosto \u00faltimo, por agentes israelenses atuando a mando dos Estados Unidos, segundo o jornal&nbsp;<em>New York Times<\/em>, citando fontes de autoridades dos servi\u00e7os de intelig\u00eancia.<img decoding=\"async\" src=\"https:\/\/agenciabrasil.ebc.com.br\/ebc.png?id=1393281&amp;o=node\"><img decoding=\"async\" src=\"https:\/\/agenciabrasil.ebc.com.br\/ebc.gif?id=1393281&amp;o=node\"><\/p>\n\n\n\n<p>Abdullah Ahmed Abdullah, cujo nome de guerra era Abu Muhammad al-Masri, foi assassinado a tiros por dois homens em uma moto nas ruas de Teer\u00e3, em 7 de agosto, segundo a reportagem, publicada ontem (13).<\/p>\n\n\n\n<p>O assassinato de Masri, que era visto como um prov\u00e1vel sucessor do atual l\u00edder da<em>&nbsp;Al Qaeda<\/em>, Ayman al-Zawahiri, foi mantido em segredo at\u00e9 agora, disse o jornal.<\/p>\n\n\n\n<p>N\u00e3o ficou claro qual foi o papel, ou at\u00e9 mesmo se houve um, dos Estados Unidos na morte do militante nascido no Egito, afirmou a reportagem. Autoridades norte-americanas rastreavam Masri e outros agentes da Al Qaeda no Ir\u00e3 h\u00e1 anos, disse a mat\u00e9ria do jornal americano.<\/p>\n\n\n\n<p>A&nbsp;<em>Al Qaeda<\/em>&nbsp;n\u00e3o anunciou sua morte, autoridades iranianas est\u00e3o acobertando-a e nenhum governo reivindicou responsabilidade pela a\u00e7\u00e3o em p\u00fablico, afirmou a publica\u00e7\u00e3o.<\/p>\n\n\n\n<p>O Ir\u00e3 negou a reportagem, dizendo que n\u00e3o havia \u201cterroristas\u201d da&nbsp;<em>Al Qaeda&nbsp;<\/em>em suas terras.<\/p>\n\n\n\n<p>Uma autoridade norte-americana, conversando com a ag\u00eancia de not\u00edcias&nbsp;<em>Reuters<\/em>&nbsp;sob condi\u00e7\u00e3o de anonimato, se recusou a confirmar detalhes da reportagem ou a dizer se houve qualquer envolvimento dos Estados Unidos. O Conselho de Seguran\u00e7a Nacional da Casa Branca n\u00e3o respondeu imediatamente ao pedido por um coment\u00e1rio. O gabinete do primeiro-ministro de Israel afirmou que n\u00e3o comentaria a reportagem.<\/p>\n","protected":false},"excerpt":{"rendered":"<p>\u00c9 o que revela o jornal New York Times Por Matt Spetalnick e Mark Hosenball<\/p>\n","protected":false},"author":2,"featured_media":5733,"comment_status":"open","ping_status":"open","sticky":false,"template":"","format":"standard","meta":{"footnotes":""},"categories":[22],"tags":[],"class_list":["post-5732","post","type-post","status-publish","format-standard","has-post-thumbnail","hentry","category-internacional"],"_links":{"self":[{"href":"https:\/\/tvc16.com\/portal\/wp-json\/wp\/v2\/posts\/5732","targetHints":{"allow":["GET"]}}],"collection":[{"href":"https:\/\/tvc16.com\/portal\/wp-json\/wp\/v2\/posts"}],"about":[{"href":"https:\/\/tvc16.com\/portal\/wp-json\/wp\/v2\/types\/post"}],"author":[{"embeddable":true,"href":"https:\/\/tvc16.com\/portal\/wp-json\/wp\/v2\/users\/2"}],"replies":[{"embeddable":true,"href":"https:\/\/tvc16.com\/portal\/wp-json\/wp\/v2\/comments?post=5732"}],"version-history":[{"count":1,"href":"https:\/\/tvc16.com\/portal\/wp-json\/wp\/v2\/posts\/5732\/revisions"}],"predecessor-version":[{"id":5734,"href":"https:\/\/tvc16.com\/portal\/wp-json\/wp\/v2\/posts\/5732\/revisions\/5734"}],"wp:featuredmedia":[{"embeddable":true,"href":"https:\/\/tvc16.com\/portal\/wp-json\/wp\/v2\/media\/5733"}],"wp:attachment":[{"href":"https:\/\/tvc16.com\/portal\/wp-json\/wp\/v2\/media?parent=5732"}],"wp:term":[{"taxonomy":"category","embeddable":true,"href":"https:\/\/tvc16.com\/portal\/wp-json\/wp\/v2\/categories?post=5732"},{"taxonomy":"post_tag","embeddable":true,"href":"https:\/\/tvc16.com\/portal\/wp-json\/wp\/v2\/tags?post=5732"}],"curies":[{"name":"wp","href":"https:\/\/api.w.org\/{rel}","templated":true}]}}