{"id":5738,"date":"2020-11-15T22:19:45","date_gmt":"2020-11-16T01:19:45","guid":{"rendered":"https:\/\/tvc16.com\/portal\/?p=5738"},"modified":"2020-11-15T22:21:29","modified_gmt":"2020-11-16T01:21:29","slug":"mesmo-com-atraso-da-totalizacao-das-urnas-a-equipe-da-tvc-16-que-trabalha-na-cobertura-das-eleicoes-2020-resiste-bravamente-no-ar","status":"publish","type":"post","link":"https:\/\/tvc16.com\/portal\/2020\/11\/15\/mesmo-com-atraso-da-totalizacao-das-urnas-a-equipe-da-tvc-16-que-trabalha-na-cobertura-das-eleicoes-2020-resiste-bravamente-no-ar\/","title":{"rendered":"Mesmo com atraso da totaliza\u00e7\u00e3o das urnas, a equipe da TVC 16, que trabalha na cobertura, das elei\u00e7\u00f5es 2020,  resiste bravamente no ar"},"content":{"rendered":"\n<p><br>Falha em processadores de um computador provocou lentid\u00e3o na totaliza\u00e7\u00e3o dos votos e, consequentemente, na divulga\u00e7\u00e3o dos resultados.<\/p>\n\n\n\n<figure class=\"wp-block-image size-large is-style-rounded\"><img loading=\"lazy\" decoding=\"async\" width=\"1024\" height=\"576\" src=\"https:\/\/tvc16.com\/portal\/wp-content\/uploads\/2020\/11\/20201115_153158-1024x576.jpg\" alt=\"\" class=\"wp-image-5740\" srcset=\"https:\/\/tvc16.com\/portal\/wp-content\/uploads\/2020\/11\/20201115_153158-1024x576.jpg 1024w, https:\/\/tvc16.com\/portal\/wp-content\/uploads\/2020\/11\/20201115_153158-300x169.jpg 300w, https:\/\/tvc16.com\/portal\/wp-content\/uploads\/2020\/11\/20201115_153158-768x432.jpg 768w, https:\/\/tvc16.com\/portal\/wp-content\/uploads\/2020\/11\/20201115_153158-1536x864.jpg 1536w, https:\/\/tvc16.com\/portal\/wp-content\/uploads\/2020\/11\/20201115_153158-2048x1152.jpg 2048w\" sizes=\"auto, (max-width: 1024px) 100vw, 1024px\" \/><figcaption>Pablo Kling e J\u00e9ssica Lima<\/figcaption><\/figure>\n\n\n\n<p>\u201cHouve um atraso na totaliza\u00e7\u00e3o dos resultados por for\u00e7a de um problema t\u00e9cnico que foi exatamente o seguinte: um dos n\u00facleos de processadores do supercomputador que processa a totaliza\u00e7\u00e3o falhou e foi preciso repar\u00e1-lo\u201d, disse o ministro durante entrevista coletiva no TSE.O ministro explicou que a urna eletr\u00f4nica imprime o boletim ao final do dia, que atesta que a vota\u00e7\u00e3o ocorreu.\u201cA ideia de que a demora possa trazer algum tipo de consequ\u00eancia para o resultado n\u00e3o faz nenhum sentido. Porque o resultado j\u00e1 saiu quando a urna imprimiu o boletim\u201d, afirmou.Segundo Barroso, o problema, de hardware, se originou exclusivamente no TSE, sem responsabilidade dos tribunais regionais eleitorais.&#8221;Os dados chegaram para a totaliza\u00e7\u00e3o totalmente \u00edntegros e apenas o processo de somar essas 400 mil se\u00e7\u00f5es que ficou extremamente lento em raz\u00e3o de um dos processadores ter sofrido um problema t\u00e9cnico. Estamos agora em torno de 50% dos voto j\u00e1 totalizados\u201d, disse, por volta das 21h.De acordo com o ministro, os tribunais regionais eleitorais n\u00e3o tiveram responsabilidade pelo problema.&nbsp;Na elei\u00e7\u00e3o deste ano, a totaliza\u00e7\u00e3o dos votos passou a ser centralizada no TSE.Segundo ele, os tribunais enviaram os dados brutos para que o TSE fizesse a totaliza\u00e7\u00e3o. Mas o ministro afirmou que a falha foi motivada por um problema de hardware e n\u00e3o pelo crit\u00e9rio de se fazer a totaliza\u00e7\u00e3o no TSE.Barroso afirmou que a falha \u201cnada tem a ver com confiabilidade&#8221; e n\u00e3o gerou nenhuma consequ\u00eancia grave.&#8221;N\u00e3o h\u00e1 nenhum risco de o resultado n\u00e3o expressar o que efetivamente foi votado. Um acidente de percurso sem nenhuma v\u00edtima. Um atraso que espero que seja s\u00f3 de algumas horas\u201d, declarou.<\/p>\n\n\n\n<figure class=\"wp-block-image size-large is-style-rounded\"><img loading=\"lazy\" decoding=\"async\" width=\"1024\" height=\"576\" src=\"https:\/\/tvc16.com\/portal\/wp-content\/uploads\/2020\/11\/20201115_202221-1-1024x576.jpg\" alt=\"\" class=\"wp-image-5742\" srcset=\"https:\/\/tvc16.com\/portal\/wp-content\/uploads\/2020\/11\/20201115_202221-1-1024x576.jpg 1024w, https:\/\/tvc16.com\/portal\/wp-content\/uploads\/2020\/11\/20201115_202221-1-300x169.jpg 300w, https:\/\/tvc16.com\/portal\/wp-content\/uploads\/2020\/11\/20201115_202221-1-768x432.jpg 768w, https:\/\/tvc16.com\/portal\/wp-content\/uploads\/2020\/11\/20201115_202221-1-1536x864.jpg 1536w\" sizes=\"auto, (max-width: 1024px) 100vw, 1024px\" \/><figcaption>Anna Beatriz, Pablo Kling e J\u00e9ssica Lima<\/figcaption><\/figure>\n","protected":false},"excerpt":{"rendered":"<p>Falha em processadores de um computador provocou lentid\u00e3o na totaliza\u00e7\u00e3o dos votos e, consequentemente, na<\/p>\n","protected":false},"author":2,"featured_media":5744,"comment_status":"open","ping_status":"open","sticky":false,"template":"","format":"standard","meta":{"footnotes":""},"categories":[12],"tags":[],"class_list":["post-5738","post","type-post","status-publish","format-standard","has-post-thumbnail","hentry","category-cidade"],"_links":{"self":[{"href":"https:\/\/tvc16.com\/portal\/wp-json\/wp\/v2\/posts\/5738","targetHints":{"allow":["GET"]}}],"collection":[{"href":"https:\/\/tvc16.com\/portal\/wp-json\/wp\/v2\/posts"}],"about":[{"href":"https:\/\/tvc16.com\/portal\/wp-json\/wp\/v2\/types\/post"}],"author":[{"embeddable":true,"href":"https:\/\/tvc16.com\/portal\/wp-json\/wp\/v2\/users\/2"}],"replies":[{"embeddable":true,"href":"https:\/\/tvc16.com\/portal\/wp-json\/wp\/v2\/comments?post=5738"}],"version-history":[{"count":2,"href":"https:\/\/tvc16.com\/portal\/wp-json\/wp\/v2\/posts\/5738\/revisions"}],"predecessor-version":[{"id":5745,"href":"https:\/\/tvc16.com\/portal\/wp-json\/wp\/v2\/posts\/5738\/revisions\/5745"}],"wp:featuredmedia":[{"embeddable":true,"href":"https:\/\/tvc16.com\/portal\/wp-json\/wp\/v2\/media\/5744"}],"wp:attachment":[{"href":"https:\/\/tvc16.com\/portal\/wp-json\/wp\/v2\/media?parent=5738"}],"wp:term":[{"taxonomy":"category","embeddable":true,"href":"https:\/\/tvc16.com\/portal\/wp-json\/wp\/v2\/categories?post=5738"},{"taxonomy":"post_tag","embeddable":true,"href":"https:\/\/tvc16.com\/portal\/wp-json\/wp\/v2\/tags?post=5738"}],"curies":[{"name":"wp","href":"https:\/\/api.w.org\/{rel}","templated":true}]}}