{"id":575,"date":"2020-09-16T16:46:12","date_gmt":"2020-09-16T16:46:12","guid":{"rendered":"https:\/\/tvc16.com\/portal\/?p=575"},"modified":"2020-09-16T16:46:12","modified_gmt":"2020-09-16T16:46:12","slug":"seminario-virtual-marca-o-lancamento-da-rede-go-fair-brasil-saude-enfermagem","status":"publish","type":"post","link":"https:\/\/tvc16.com\/portal\/2020\/09\/16\/seminario-virtual-marca-o-lancamento-da-rede-go-fair-brasil-saude-enfermagem\/","title":{"rendered":"Semin\u00e1rio virtual marca o lan\u00e7amento da Rede GO FAIR Brasil Sa\u00fade Enfermagem"},"content":{"rendered":"\n<p>Nos pr\u00f3ximos dias, ser\u00e1 lan\u00e7ada a Rede GO FAIR Brasil Sa\u00fade Enfermagem, uma das sub-redes do GO FAIR Brasil Sa\u00fade, iniciativa liderada pelo Instituto de Comunica\u00e7\u00e3o e Informa\u00e7\u00e3o em Sa\u00fade da Fiocruz (Icict). A proposta da rede \u00e9 atuar pelo fortalecimento e dissemina\u00e7\u00e3o dos princ\u00edpios FAIR na informa\u00e7\u00e3o em sa\u00fade no campo da enfermagem, de forma articulada e colaborativa com os seus membros, seguindo as orienta\u00e7\u00f5es estabelecidas pela Rede GO FAIR Brasil Sa\u00fade.<\/p>\n\n\n\n<p>A sigla vem dos termos, em ingl\u00eas,\u00a0 <em>Findable<\/em>,\u00a0 <em>Accessible<\/em>,\u00a0 <em>Interoperable<\/em>,\u00a0 <em>Reusable<\/em>; em portugu\u00eas: Encontr\u00e1veis, Acess\u00edveis, Interoper\u00e1veis e Reutiliz\u00e1veis. A rede GO FAIR Brasil Sa\u00fade Enfermagem est\u00e1 sob a coordena\u00e7\u00e3o do Programa de P\u00f3s-gradua\u00e7\u00e3o em Sa\u00fade e Tecnologia no Espa\u00e7o Hospitalar (PPGSTEH) em gest\u00e3o colegiada com a Escola de Enfermagem Alfredo Pinto, o Programa de P\u00f3s-gradua\u00e7\u00e3o em Enfermagem e Bioci\u00eancias (PPGENFBIO) e o Programa de P\u00f3s-gradua\u00e7\u00e3o em Enfermagem (PPGENF) da Universidade Federal do Estado do Rio de Janeiro (UNIRIO).\u00a0<\/p>\n\n\n\n<p>O lan\u00e7amento ser\u00e1 realizado em 22\/9, \u00e0s 15h, em semin\u00e1rio online, com a participa\u00e7\u00e3o de Viviane Veiga, coordenadora da Rede GO FAIR Brasil Sa\u00fade, e Luana Sales, coordenadora geral do GO FAIR Brasil. Completa a sess\u00e3o Simone Alencar, coordenadora da sub-rede GO FAIR Brasil Sa\u00fade Enfermagem.<\/p>\n\n\n\n<p>A atividade de lan\u00e7amento tamb\u00e9m marca a comemora\u00e7\u00e3o do I Congresso Internacional da Escola de Enfermagem Alfredo Pinto, que completa 130 anos de exist\u00eancia, al\u00e9m de seu primeiro semin\u00e1rio internacional de p\u00f3s-gradua\u00e7\u00e3o. A institui\u00e7\u00e3o \u00e9 a mais antiga escola de enfermagem do Brasil.<\/p>\n\n\n\n<p>Fonte: Icict\/Fiocruz<\/p>\n","protected":false},"excerpt":{"rendered":"<p>Nos pr\u00f3ximos dias, ser\u00e1 lan\u00e7ada a Rede GO FAIR Brasil Sa\u00fade Enfermagem, uma das sub-redes<\/p>\n","protected":false},"author":2,"featured_media":577,"comment_status":"open","ping_status":"open","sticky":false,"template":"","format":"standard","meta":{"footnotes":""},"categories":[13],"tags":[],"class_list":["post-575","post","type-post","status-publish","format-standard","has-post-thumbnail","hentry","category-saude"],"_links":{"self":[{"href":"https:\/\/tvc16.com\/portal\/wp-json\/wp\/v2\/posts\/575","targetHints":{"allow":["GET"]}}],"collection":[{"href":"https:\/\/tvc16.com\/portal\/wp-json\/wp\/v2\/posts"}],"about":[{"href":"https:\/\/tvc16.com\/portal\/wp-json\/wp\/v2\/types\/post"}],"author":[{"embeddable":true,"href":"https:\/\/tvc16.com\/portal\/wp-json\/wp\/v2\/users\/2"}],"replies":[{"embeddable":true,"href":"https:\/\/tvc16.com\/portal\/wp-json\/wp\/v2\/comments?post=575"}],"version-history":[{"count":1,"href":"https:\/\/tvc16.com\/portal\/wp-json\/wp\/v2\/posts\/575\/revisions"}],"predecessor-version":[{"id":578,"href":"https:\/\/tvc16.com\/portal\/wp-json\/wp\/v2\/posts\/575\/revisions\/578"}],"wp:featuredmedia":[{"embeddable":true,"href":"https:\/\/tvc16.com\/portal\/wp-json\/wp\/v2\/media\/577"}],"wp:attachment":[{"href":"https:\/\/tvc16.com\/portal\/wp-json\/wp\/v2\/media?parent=575"}],"wp:term":[{"taxonomy":"category","embeddable":true,"href":"https:\/\/tvc16.com\/portal\/wp-json\/wp\/v2\/categories?post=575"},{"taxonomy":"post_tag","embeddable":true,"href":"https:\/\/tvc16.com\/portal\/wp-json\/wp\/v2\/tags?post=575"}],"curies":[{"name":"wp","href":"https:\/\/api.w.org\/{rel}","templated":true}]}}