{"id":5752,"date":"2020-11-15T22:27:25","date_gmt":"2020-11-16T01:27:25","guid":{"rendered":"https:\/\/tvc16.com\/portal\/?p=5752"},"modified":"2020-11-15T22:27:28","modified_gmt":"2020-11-16T01:27:28","slug":"presidente-interino-do-peru-anuncia-renuncia-ao-cargo-2","status":"publish","type":"post","link":"https:\/\/tvc16.com\/portal\/2020\/11\/15\/presidente-interino-do-peru-anuncia-renuncia-ao-cargo-2\/","title":{"rendered":"Presidente interino do Peru anuncia ren\u00fancia ao cargo"},"content":{"rendered":"\n<h2 class=\"wp-block-heading\">Manuel Merino tinha assumido h\u00e1 menos de uma semana<\/h2>\n\n\n\n<ul class=\"wp-block-list\"><li><\/li><\/ul>\n\n\n\n<h4 class=\"wp-block-heading\">Por Reuters &#8211; Lima<\/h4>\n\n\n\n<p>O presidente interino do Peru, Manuel Merino, anunciou sua ren\u00fancia, em car\u00e1ter \u201cirrevog\u00e1vel\u201d, neste domingo (15), pouco depois de os partidos pol\u00edticos no Parlamento terem pedido a sa\u00edda \u201cimediata\u201d dele do cargo, ap\u00f3s protestos violentos que deixaram dois mortos e dezenas de feridos.<img decoding=\"async\" src=\"https:\/\/agenciabrasil.ebc.com.br\/ebc.png?id=1393409&amp;o=node\"><img decoding=\"async\" src=\"https:\/\/agenciabrasil.ebc.com.br\/ebc.gif?id=1393409&amp;o=node\"><\/p>\n\n\n\n<p>O presidente do Congresso peruano, Luis Vald\u00e9z, em entrevista coletiva, havia afirmado que, se Merino n\u00e3o apresentasse sua ren\u00fancia, o Congresso unicameral iniciaria um processo de&nbsp;<em>impeachment<\/em>.<\/p>\n\n\n\n<p>Merino tinha assumido a Presid\u00eancia da Rep\u00fablica h\u00e1 menos de uma semana, ap\u00f3s a destitui\u00e7\u00e3o do ent\u00e3o presidente Mart\u00edn Vizcarra,<\/p>\n","protected":false},"excerpt":{"rendered":"<p>Manuel Merino tinha assumido h\u00e1 menos de uma semana Por Reuters &#8211; Lima O presidente<\/p>\n","protected":false},"author":2,"featured_media":5753,"comment_status":"open","ping_status":"open","sticky":false,"template":"","format":"standard","meta":{"footnotes":""},"categories":[22],"tags":[],"class_list":["post-5752","post","type-post","status-publish","format-standard","has-post-thumbnail","hentry","category-internacional"],"_links":{"self":[{"href":"https:\/\/tvc16.com\/portal\/wp-json\/wp\/v2\/posts\/5752","targetHints":{"allow":["GET"]}}],"collection":[{"href":"https:\/\/tvc16.com\/portal\/wp-json\/wp\/v2\/posts"}],"about":[{"href":"https:\/\/tvc16.com\/portal\/wp-json\/wp\/v2\/types\/post"}],"author":[{"embeddable":true,"href":"https:\/\/tvc16.com\/portal\/wp-json\/wp\/v2\/users\/2"}],"replies":[{"embeddable":true,"href":"https:\/\/tvc16.com\/portal\/wp-json\/wp\/v2\/comments?post=5752"}],"version-history":[{"count":1,"href":"https:\/\/tvc16.com\/portal\/wp-json\/wp\/v2\/posts\/5752\/revisions"}],"predecessor-version":[{"id":5754,"href":"https:\/\/tvc16.com\/portal\/wp-json\/wp\/v2\/posts\/5752\/revisions\/5754"}],"wp:featuredmedia":[{"embeddable":true,"href":"https:\/\/tvc16.com\/portal\/wp-json\/wp\/v2\/media\/5753"}],"wp:attachment":[{"href":"https:\/\/tvc16.com\/portal\/wp-json\/wp\/v2\/media?parent=5752"}],"wp:term":[{"taxonomy":"category","embeddable":true,"href":"https:\/\/tvc16.com\/portal\/wp-json\/wp\/v2\/categories?post=5752"},{"taxonomy":"post_tag","embeddable":true,"href":"https:\/\/tvc16.com\/portal\/wp-json\/wp\/v2\/tags?post=5752"}],"curies":[{"name":"wp","href":"https:\/\/api.w.org\/{rel}","templated":true}]}}